{"id":1490,"date":"2025-12-30T15:48:09","date_gmt":"2025-12-30T18:48:09","guid":{"rendered":"https:\/\/www.brisanet.com.br\/blog\/?p=1490"},"modified":"2025-12-30T15:48:13","modified_gmt":"2025-12-30T18:48:13","slug":"acessibilidade-digital-por-que-ela-e-essencial-para-a-conexao-de-todos","status":"publish","type":"post","link":"https:\/\/www.brisanet.com.br\/blog\/acessibilidade-digital-por-que-ela-e-essencial-para-a-conexao-de-todos\/","title":{"rendered":"Acessibilidade digital: por que ela \u00e9 essencial para a conex\u00e3o de todos"},"content":{"rendered":"\n<p>A acessibilidade digital \u00e9 um elemento fundamental para garantir inclus\u00e3o e participa\u00e7\u00e3o plena na vida online. No setor de telecomunica\u00e7\u00f5es, isso significa oferecer servi\u00e7os que atendam diferentes necessidades, com autonomia, seguran\u00e7a e igualdade.<\/p>\n\n\n\n<p>Desde 2008, a acessibilidade passou a ser reconhecida internacionalmente como um direito humano b\u00e1sico ap\u00f3s a Conven\u00e7\u00e3o sobre os Direitos das Pessoas com Defici\u00eancia. No Brasil, esse compromisso \u00e9 refor\u00e7ado pela Anatel, que estabelece normas para que todas as pessoas utilizem os servi\u00e7os de telecomunica\u00e7\u00f5es em condi\u00e7\u00f5es equivalentes.<\/p>\n\n\n\n<div id=\"ez-toc-container\" class=\"ez-toc-v2_0_72 counter-hierarchy ez-toc-counter ez-toc-custom ez-toc-container-direction\">\n<div class=\"ez-toc-title-container\">\n<p class=\"ez-toc-title\" style=\"cursor:inherit\">O que voc\u00ea ver\u00e1 nesse conte\u00fado:<\/p>\n<span class=\"ez-toc-title-toggle\"><a href=\"#\" class=\"ez-toc-pull-right ez-toc-btn ez-toc-btn-xs ez-toc-btn-default ez-toc-toggle\" aria-label=\"Toggle Table of Content\"><span class=\"ez-toc-js-icon-con\"><span class=\"\"><span class=\"eztoc-hide\" style=\"display:none;\">Toggle<\/span><span class=\"ez-toc-icon-toggle-span\"><svg style=\"fill: #999;color:#999\" xmlns=\"http:\/\/www.w3.org\/2000\/svg\" class=\"list-377408\" width=\"20px\" height=\"20px\" viewBox=\"0 0 24 24\" fill=\"none\"><path d=\"M6 6H4v2h2V6zm14 0H8v2h12V6zM4 11h2v2H4v-2zm16 0H8v2h12v-2zM4 16h2v2H4v-2zm16 0H8v2h12v-2z\" fill=\"currentColor\"><\/path><\/svg><svg style=\"fill: #999;color:#999\" class=\"arrow-unsorted-368013\" xmlns=\"http:\/\/www.w3.org\/2000\/svg\" width=\"10px\" height=\"10px\" viewBox=\"0 0 24 24\" version=\"1.2\" baseProfile=\"tiny\"><path d=\"M18.2 9.3l-6.2-6.3-6.2 6.3c-.2.2-.3.4-.3.7s.1.5.3.7c.2.2.4.3.7.3h11c.3 0 .5-.1.7-.3.2-.2.3-.5.3-.7s-.1-.5-.3-.7zM5.8 14.7l6.2 6.3 6.2-6.3c.2-.2.3-.5.3-.7s-.1-.5-.3-.7c-.2-.2-.4-.3-.7-.3h-11c-.3 0-.5.1-.7.3-.2.2-.3.5-.3.7s.1.5.3.7z\"\/><\/svg><\/span><\/span><\/span><\/a><\/span><\/div>\n<nav><ul class='ez-toc-list ez-toc-list-level-1 ' ><li class='ez-toc-page-1 ez-toc-heading-level-2'><a class=\"ez-toc-link ez-toc-heading-1\" href=\"https:\/\/www.brisanet.com.br\/blog\/acessibilidade-digital-por-que-ela-e-essencial-para-a-conexao-de-todos\/#O_que_e_o_Regulamento_Geral_de_Acessibilidade_RGA\" title=\"O que \u00e9 o Regulamento Geral de Acessibilidade (RGA)?\">O que \u00e9 o Regulamento Geral de Acessibilidade (RGA)?<\/a><\/li><li class='ez-toc-page-1 ez-toc-heading-level-2'><a class=\"ez-toc-link ez-toc-heading-2\" href=\"https:\/\/www.brisanet.com.br\/blog\/acessibilidade-digital-por-que-ela-e-essencial-para-a-conexao-de-todos\/#CIC_da_Brisanet_como_funciona_e_como_acessar\" title=\"CIC da Brisanet: como funciona e como acessar\">CIC da Brisanet: como funciona e como acessar<\/a><\/li><li class='ez-toc-page-1 ez-toc-heading-level-2'><a class=\"ez-toc-link ez-toc-heading-3\" href=\"https:\/\/www.brisanet.com.br\/blog\/acessibilidade-digital-por-que-ela-e-essencial-para-a-conexao-de-todos\/#Recursos_de_acessibilidade_no_site_da_Brisanet\" title=\"Recursos de acessibilidade no site da Brisanet\">Recursos de acessibilidade no site da Brisanet<\/a><ul class='ez-toc-list-level-3' ><li class='ez-toc-heading-level-3'><a class=\"ez-toc-link ez-toc-heading-4\" href=\"https:\/\/www.brisanet.com.br\/blog\/acessibilidade-digital-por-que-ela-e-essencial-para-a-conexao-de-todos\/#Ajuste_de_tamanho_de_fonte\" title=\"Ajuste de tamanho de fonte\">Ajuste de tamanho de fonte<\/a><\/li><li class='ez-toc-page-1 ez-toc-heading-level-3'><a class=\"ez-toc-link ez-toc-heading-5\" href=\"https:\/\/www.brisanet.com.br\/blog\/acessibilidade-digital-por-que-ela-e-essencial-para-a-conexao-de-todos\/#Modo_de_alto_contraste\" title=\"Modo de alto contraste\">Modo de alto contraste<\/a><\/li><li class='ez-toc-page-1 ez-toc-heading-level-3'><a class=\"ez-toc-link ez-toc-heading-6\" href=\"https:\/\/www.brisanet.com.br\/blog\/acessibilidade-digital-por-que-ela-e-essencial-para-a-conexao-de-todos\/#Maya_tradutora_virtual_de_Libras\" title=\"Maya, tradutora virtual de Libras\">Maya, tradutora virtual de Libras<\/a><\/li><\/ul><\/li><li class='ez-toc-page-1 ez-toc-heading-level-2'><a class=\"ez-toc-link ez-toc-heading-7\" href=\"https:\/\/www.brisanet.com.br\/blog\/acessibilidade-digital-por-que-ela-e-essencial-para-a-conexao-de-todos\/#Brisanet_conexao_que_inclui_apoia_e_aproxima\" title=\"Brisanet: conex\u00e3o que inclui, apoia e aproxima\">Brisanet: conex\u00e3o que inclui, apoia e aproxima<\/a><\/li><\/ul><\/nav><\/div>\n<h2 class=\"wp-block-heading\"><span class=\"ez-toc-section\" id=\"O_que_e_o_Regulamento_Geral_de_Acessibilidade_RGA\"><\/span><strong>O que \u00e9 o Regulamento Geral de Acessibilidade (RGA)?<\/strong><span class=\"ez-toc-section-end\"><\/span><\/h2>\n\n\n\n<p>O Regulamento Geral de Acessibilidade, criado pela Anatel em 2016, define que servi\u00e7os, plataformas e equipamentos de telecomunica\u00e7\u00f5es devem ser acess\u00edveis para todas as pessoas.<\/p>\n\n\n\n<p>Entre suas iniciativas, destaca-se a Central de Intermedia\u00e7\u00e3o de Comunica\u00e7\u00e3o (CIC), criada para facilitar a comunica\u00e7\u00e3o de pessoas surdas, com defici\u00eancia auditiva ou da fala, garantindo mais autonomia e igualdade.<\/p>\n\n\n\n<h2 class=\"wp-block-heading\"><span class=\"ez-toc-section\" id=\"CIC_da_Brisanet_como_funciona_e_como_acessar\"><\/span><strong>CIC da Brisanet: como funciona e como acessar<\/strong><span class=\"ez-toc-section-end\"><\/span><\/h2>\n\n\n\n<p>A Brisanet disponibiliza a CIC de forma simples, r\u00e1pida e gratuita. Para utilizar:<\/p>\n\n\n\n<ul class=\"wp-block-list\">\n<li>Acesse brisanet.com.br\/acessibilidade<\/li>\n\n\n\n<li>Informe seu nome<\/li>\n\n\n\n<li>Aguarde o direcionamento para o atendimento especializado<\/li>\n<\/ul>\n\n\n\n<p>Tamb\u00e9m \u00e9 poss\u00edvel agendar o hor\u00e1rio mais conveniente, garantindo ainda mais praticidade e conforto no atendimento.<\/p>\n\n\n\n<h2 class=\"wp-block-heading\"><span class=\"ez-toc-section\" id=\"Recursos_de_acessibilidade_no_site_da_Brisanet\"><\/span><strong>Recursos de acessibilidade no site da Brisanet<\/strong><span class=\"ez-toc-section-end\"><\/span><\/h2>\n\n\n\n<p>Para tornar a navega\u00e7\u00e3o mais intuitiva e inclusiva, a Brisanet oferece ferramentas que ampliam a autonomia digital:<\/p>\n\n\n\n<h3 class=\"wp-block-heading\"><span class=\"ez-toc-section\" id=\"Ajuste_de_tamanho_de_fonte\"><\/span><strong>Ajuste de tamanho de fonte<\/strong><span class=\"ez-toc-section-end\"><\/span><\/h3>\n\n\n\n<p>Recurso ideal para pessoas com baixa vis\u00e3o ou que preferem textos ampliados para leitura mais confort\u00e1vel.<\/p>\n\n\n\n<h3 class=\"wp-block-heading\"><span class=\"ez-toc-section\" id=\"Modo_de_alto_contraste\"><\/span><strong>Modo de alto contraste<\/strong><span class=\"ez-toc-section-end\"><\/span><\/h3>\n\n\n\n<p>Aumenta a distin\u00e7\u00e3o entre elementos da p\u00e1gina, melhora a leitura e reduz o cansa\u00e7o visual.<\/p>\n\n\n\n<h3 class=\"wp-block-heading\"><span class=\"ez-toc-section\" id=\"Maya_tradutora_virtual_de_Libras\"><\/span><strong>Maya, tradutora virtual de Libras<\/strong><span class=\"ez-toc-section-end\"><\/span><\/h3>\n\n\n\n<p>Dispon\u00edvel em diversas p\u00e1ginas, a Maya possibilita que pessoas surdas ou com defici\u00eancia auditiva tenham acesso ao conte\u00fado em Libras de forma clara e acess\u00edvel.<\/p>\n\n\n\n<p>Essas ferramentas refor\u00e7am o compromisso da Brisanet com uma internet mais democr\u00e1tica, inclusiva e acolhedora.<\/p>\n\n\n\n<h2 class=\"wp-block-heading\"><span class=\"ez-toc-section\" id=\"Brisanet_conexao_que_inclui_apoia_e_aproxima\"><\/span><strong>Brisanet: conex\u00e3o que inclui, apoia e aproxima<\/strong><span class=\"ez-toc-section-end\"><\/span><\/h2>\n\n\n\n<p>A acessibilidade n\u00e3o \u00e9 apenas uma exig\u00eancia regulat\u00f3ria. \u00c9 parte do prop\u00f3sito da Brisanet. Por isso, investimos constantemente para tornar servi\u00e7os, plataformas e canais de atendimento mais acess\u00edveis, garantindo que todas as pessoas possam se conectar com autonomia, seguran\u00e7a e igualdade.<\/p>\n\n\n\n<p>Quer uma experi\u00eancia digital realmente acess\u00edvel e humana? Conhe\u00e7a a p\u00e1gina de acessibilidade da Brisanet e descubra como estamos conectando pessoas com mais inclus\u00e3o e respeito.<br><\/p>\n\n\n\n<p>Acesse agora: <strong>brisanet.com.br\/acessibilidade<\/strong>  <\/p>\n","protected":false},"excerpt":{"rendered":"<p>A acessibilidade digital \u00e9 um elemento fundamental para garantir inclus\u00e3o e participa\u00e7\u00e3o plena na vida online. No setor de telecomunica\u00e7\u00f5es, isso significa oferecer servi\u00e7os que atendam diferentes necessidades, com autonomia, seguran\u00e7a e igualdade. Desde 2008, a acessibilidade passou a ser reconhecida internacionalmente como um direito humano b\u00e1sico ap\u00f3s a Conven\u00e7\u00e3o sobre os Direitos das Pessoas [&hellip;]<\/p>\n","protected":false},"author":3,"featured_media":1492,"comment_status":"closed","ping_status":"open","sticky":false,"template":"","format":"standard","meta":{"om_disable_all_campaigns":false,"footnotes":""},"categories":[22,31],"tags":[],"class_list":["post-1490","post","type-post","status-publish","format-standard","has-post-thumbnail","hentry","category-para-voce","category-tecnologia"],"yoast_head":"<!-- This site is optimized with the Yoast SEO plugin v24.5 - https:\/\/yoast.com\/wordpress\/plugins\/seo\/ -->\n<title>Acessibilidade digital: por que ela \u00e9 essencial para a conex\u00e3o de todos - Blog Brisanet<\/title>\n<meta name=\"description\" content=\"A acessibilidade digital \u00e9 um elemento fundamental para garantir inclus\u00e3o e participa\u00e7\u00e3o plena na vida online.\" \/>\n<meta name=\"robots\" content=\"index, follow, max-snippet:-1, max-image-preview:large, max-video-preview:-1\" \/>\n<link rel=\"canonical\" href=\"https:\/\/www.brisanet.com.br\/blog\/acessibilidade-digital-por-que-ela-e-essencial-para-a-conexao-de-todos\/\" \/>\n<meta property=\"og:locale\" content=\"pt_BR\" \/>\n<meta property=\"og:type\" content=\"article\" \/>\n<meta property=\"og:title\" content=\"Acessibilidade digital: por que ela \u00e9 essencial para a conex\u00e3o de todos - Blog Brisanet\" \/>\n<meta property=\"og:description\" content=\"A acessibilidade digital \u00e9 um elemento fundamental para garantir inclus\u00e3o e participa\u00e7\u00e3o plena na vida online.\" \/>\n<meta property=\"og:url\" content=\"https:\/\/www.brisanet.com.br\/blog\/acessibilidade-digital-por-que-ela-e-essencial-para-a-conexao-de-todos\/\" \/>\n<meta property=\"og:site_name\" content=\"Blog Brisanet\" \/>\n<meta property=\"article:publisher\" content=\"https:\/\/www.facebook.com\/brisanet\/\" \/>\n<meta property=\"article:published_time\" content=\"2025-12-30T18:48:09+00:00\" \/>\n<meta property=\"article:modified_time\" content=\"2025-12-30T18:48:13+00:00\" \/>\n<meta property=\"og:image\" content=\"https:\/\/www.brisanet.com.br\/blog\/wp-content\/uploads\/2025\/12\/BANNERS-BRISABLOG-ACESSIBILIDADE-1024x300-1.png\" \/>\n\t<meta property=\"og:image:width\" content=\"1024\" \/>\n\t<meta property=\"og:image:height\" content=\"300\" \/>\n\t<meta property=\"og:image:type\" content=\"image\/png\" \/>\n<meta name=\"author\" content=\"\u00cdtalo Alves\" \/>\n<meta name=\"twitter:card\" content=\"summary_large_image\" \/>\n<meta name=\"twitter:label1\" content=\"Escrito por\" \/>\n\t<meta name=\"twitter:data1\" content=\"\u00cdtalo Alves\" \/>\n\t<meta name=\"twitter:label2\" content=\"Est. tempo de leitura\" \/>\n\t<meta name=\"twitter:data2\" content=\"3 minutos\" \/>\n<script type=\"application\/ld+json\" class=\"yoast-schema-graph\">{\"@context\":\"https:\/\/schema.org\",\"@graph\":[{\"@type\":\"Article\",\"@id\":\"https:\/\/www.brisanet.com.br\/blog\/acessibilidade-digital-por-que-ela-e-essencial-para-a-conexao-de-todos\/#article\",\"isPartOf\":{\"@id\":\"https:\/\/www.brisanet.com.br\/blog\/acessibilidade-digital-por-que-ela-e-essencial-para-a-conexao-de-todos\/\"},\"author\":{\"name\":\"\u00cdtalo Alves\",\"@id\":\"https:\/\/www.brisanet.com.br\/blog\/#\/schema\/person\/6afefce424f53e0563479e83a8cf8d99\"},\"headline\":\"Acessibilidade digital: por que ela \u00e9 essencial para a conex\u00e3o de todos\",\"datePublished\":\"2025-12-30T18:48:09+00:00\",\"dateModified\":\"2025-12-30T18:48:13+00:00\",\"mainEntityOfPage\":{\"@id\":\"https:\/\/www.brisanet.com.br\/blog\/acessibilidade-digital-por-que-ela-e-essencial-para-a-conexao-de-todos\/\"},\"wordCount\":440,\"publisher\":{\"@id\":\"https:\/\/www.brisanet.com.br\/blog\/#organization\"},\"image\":{\"@id\":\"https:\/\/www.brisanet.com.br\/blog\/acessibilidade-digital-por-que-ela-e-essencial-para-a-conexao-de-todos\/#primaryimage\"},\"thumbnailUrl\":\"https:\/\/www.brisanet.com.br\/blog\/wp-content\/uploads\/2025\/12\/BANNERS-BRISABLOG-ACESSIBILIDADE-1024x300-1.png\",\"articleSection\":[\"Para voc\u00ea\",\"Tecnologia\"],\"inLanguage\":\"pt-BR\"},{\"@type\":\"WebPage\",\"@id\":\"https:\/\/www.brisanet.com.br\/blog\/acessibilidade-digital-por-que-ela-e-essencial-para-a-conexao-de-todos\/\",\"url\":\"https:\/\/www.brisanet.com.br\/blog\/acessibilidade-digital-por-que-ela-e-essencial-para-a-conexao-de-todos\/\",\"name\":\"Acessibilidade digital: por que ela \u00e9 essencial para a conex\u00e3o de todos - Blog Brisanet\",\"isPartOf\":{\"@id\":\"https:\/\/www.brisanet.com.br\/blog\/#website\"},\"primaryImageOfPage\":{\"@id\":\"https:\/\/www.brisanet.com.br\/blog\/acessibilidade-digital-por-que-ela-e-essencial-para-a-conexao-de-todos\/#primaryimage\"},\"image\":{\"@id\":\"https:\/\/www.brisanet.com.br\/blog\/acessibilidade-digital-por-que-ela-e-essencial-para-a-conexao-de-todos\/#primaryimage\"},\"thumbnailUrl\":\"https:\/\/www.brisanet.com.br\/blog\/wp-content\/uploads\/2025\/12\/BANNERS-BRISABLOG-ACESSIBILIDADE-1024x300-1.png\",\"datePublished\":\"2025-12-30T18:48:09+00:00\",\"dateModified\":\"2025-12-30T18:48:13+00:00\",\"description\":\"A acessibilidade digital \u00e9 um elemento fundamental para garantir inclus\u00e3o e participa\u00e7\u00e3o plena na vida online.\",\"breadcrumb\":{\"@id\":\"https:\/\/www.brisanet.com.br\/blog\/acessibilidade-digital-por-que-ela-e-essencial-para-a-conexao-de-todos\/#breadcrumb\"},\"inLanguage\":\"pt-BR\",\"potentialAction\":[{\"@type\":\"ReadAction\",\"target\":[\"https:\/\/www.brisanet.com.br\/blog\/acessibilidade-digital-por-que-ela-e-essencial-para-a-conexao-de-todos\/\"]}]},{\"@type\":\"ImageObject\",\"inLanguage\":\"pt-BR\",\"@id\":\"https:\/\/www.brisanet.com.br\/blog\/acessibilidade-digital-por-que-ela-e-essencial-para-a-conexao-de-todos\/#primaryimage\",\"url\":\"https:\/\/www.brisanet.com.br\/blog\/wp-content\/uploads\/2025\/12\/BANNERS-BRISABLOG-ACESSIBILIDADE-1024x300-1.png\",\"contentUrl\":\"https:\/\/www.brisanet.com.br\/blog\/wp-content\/uploads\/2025\/12\/BANNERS-BRISABLOG-ACESSIBILIDADE-1024x300-1.png\",\"width\":1024,\"height\":300,\"caption\":\"Acessibilidade digital\"},{\"@type\":\"BreadcrumbList\",\"@id\":\"https:\/\/www.brisanet.com.br\/blog\/acessibilidade-digital-por-que-ela-e-essencial-para-a-conexao-de-todos\/#breadcrumb\",\"itemListElement\":[{\"@type\":\"ListItem\",\"position\":1,\"name\":\"In\u00edcio\",\"item\":\"https:\/\/www.brisanet.com.br\/blog\/\"},{\"@type\":\"ListItem\",\"position\":2,\"name\":\"Acessibilidade digital: por que ela \u00e9 essencial para a conex\u00e3o de todos\"}]},{\"@type\":\"WebSite\",\"@id\":\"https:\/\/www.brisanet.com.br\/blog\/#website\",\"url\":\"https:\/\/www.brisanet.com.br\/blog\/\",\"name\":\"Blog da Brisanet\",\"description\":\"Levando o mundo at\u00e9 voc\u00ea\",\"publisher\":{\"@id\":\"https:\/\/www.brisanet.com.br\/blog\/#organization\"},\"potentialAction\":[{\"@type\":\"SearchAction\",\"target\":{\"@type\":\"EntryPoint\",\"urlTemplate\":\"https:\/\/www.brisanet.com.br\/blog\/?s={search_term_string}\"},\"query-input\":{\"@type\":\"PropertyValueSpecification\",\"valueRequired\":true,\"valueName\":\"search_term_string\"}}],\"inLanguage\":\"pt-BR\"},{\"@type\":\"Organization\",\"@id\":\"https:\/\/www.brisanet.com.br\/blog\/#organization\",\"name\":\"Brisanet\",\"url\":\"https:\/\/www.brisanet.com.br\/blog\/\",\"logo\":{\"@type\":\"ImageObject\",\"inLanguage\":\"pt-BR\",\"@id\":\"https:\/\/www.brisanet.com.br\/blog\/#\/schema\/logo\/image\/\",\"url\":\"https:\/\/www.brisanet.com.br\/blog\/wp-content\/uploads\/2023\/11\/logo-blog-brisanet-1.png\",\"contentUrl\":\"https:\/\/www.brisanet.com.br\/blog\/wp-content\/uploads\/2023\/11\/logo-blog-brisanet-1.png\",\"width\":163,\"height\":42,\"caption\":\"Brisanet\"},\"image\":{\"@id\":\"https:\/\/www.brisanet.com.br\/blog\/#\/schema\/logo\/image\/\"},\"sameAs\":[\"https:\/\/www.facebook.com\/brisanet\/\"]},{\"@type\":\"Person\",\"@id\":\"https:\/\/www.brisanet.com.br\/blog\/#\/schema\/person\/6afefce424f53e0563479e83a8cf8d99\",\"name\":\"\u00cdtalo Alves\",\"image\":{\"@type\":\"ImageObject\",\"inLanguage\":\"pt-BR\",\"@id\":\"https:\/\/www.brisanet.com.br\/blog\/#\/schema\/person\/image\/\",\"url\":\"https:\/\/secure.gravatar.com\/avatar\/aaab6ff774fc31943d55b8abc96bf2cea77d29b11d0e1d69a197257df18fff30?s=96&d=mm&r=g\",\"contentUrl\":\"https:\/\/secure.gravatar.com\/avatar\/aaab6ff774fc31943d55b8abc96bf2cea77d29b11d0e1d69a197257df18fff30?s=96&d=mm&r=g\",\"caption\":\"\u00cdtalo Alves\"},\"url\":\"https:\/\/www.brisanet.com.br\/blog\/author\/italo-alves\/\"}]}<\/script>\n<!-- \/ Yoast SEO plugin. -->","yoast_head_json":{"title":"Acessibilidade digital: por que ela \u00e9 essencial para a conex\u00e3o de todos - Blog Brisanet","description":"A acessibilidade digital \u00e9 um elemento fundamental para garantir inclus\u00e3o e participa\u00e7\u00e3o plena na vida online.","robots":{"index":"index","follow":"follow","max-snippet":"max-snippet:-1","max-image-preview":"max-image-preview:large","max-video-preview":"max-video-preview:-1"},"canonical":"https:\/\/www.brisanet.com.br\/blog\/acessibilidade-digital-por-que-ela-e-essencial-para-a-conexao-de-todos\/","og_locale":"pt_BR","og_type":"article","og_title":"Acessibilidade digital: por que ela \u00e9 essencial para a conex\u00e3o de todos - Blog Brisanet","og_description":"A acessibilidade digital \u00e9 um elemento fundamental para garantir inclus\u00e3o e participa\u00e7\u00e3o plena na vida online.","og_url":"https:\/\/www.brisanet.com.br\/blog\/acessibilidade-digital-por-que-ela-e-essencial-para-a-conexao-de-todos\/","og_site_name":"Blog Brisanet","article_publisher":"https:\/\/www.facebook.com\/brisanet\/","article_published_time":"2025-12-30T18:48:09+00:00","article_modified_time":"2025-12-30T18:48:13+00:00","og_image":[{"width":1024,"height":300,"url":"https:\/\/www.brisanet.com.br\/blog\/wp-content\/uploads\/2025\/12\/BANNERS-BRISABLOG-ACESSIBILIDADE-1024x300-1.png","type":"image\/png"}],"author":"\u00cdtalo Alves","twitter_card":"summary_large_image","twitter_misc":{"Escrito por":"\u00cdtalo Alves","Est. tempo de leitura":"3 minutos"},"schema":{"@context":"https:\/\/schema.org","@graph":[{"@type":"Article","@id":"https:\/\/www.brisanet.com.br\/blog\/acessibilidade-digital-por-que-ela-e-essencial-para-a-conexao-de-todos\/#article","isPartOf":{"@id":"https:\/\/www.brisanet.com.br\/blog\/acessibilidade-digital-por-que-ela-e-essencial-para-a-conexao-de-todos\/"},"author":{"name":"\u00cdtalo Alves","@id":"https:\/\/www.brisanet.com.br\/blog\/#\/schema\/person\/6afefce424f53e0563479e83a8cf8d99"},"headline":"Acessibilidade digital: por que ela \u00e9 essencial para a conex\u00e3o de todos","datePublished":"2025-12-30T18:48:09+00:00","dateModified":"2025-12-30T18:48:13+00:00","mainEntityOfPage":{"@id":"https:\/\/www.brisanet.com.br\/blog\/acessibilidade-digital-por-que-ela-e-essencial-para-a-conexao-de-todos\/"},"wordCount":440,"publisher":{"@id":"https:\/\/www.brisanet.com.br\/blog\/#organization"},"image":{"@id":"https:\/\/www.brisanet.com.br\/blog\/acessibilidade-digital-por-que-ela-e-essencial-para-a-conexao-de-todos\/#primaryimage"},"thumbnailUrl":"https:\/\/www.brisanet.com.br\/blog\/wp-content\/uploads\/2025\/12\/BANNERS-BRISABLOG-ACESSIBILIDADE-1024x300-1.png","articleSection":["Para voc\u00ea","Tecnologia"],"inLanguage":"pt-BR"},{"@type":"WebPage","@id":"https:\/\/www.brisanet.com.br\/blog\/acessibilidade-digital-por-que-ela-e-essencial-para-a-conexao-de-todos\/","url":"https:\/\/www.brisanet.com.br\/blog\/acessibilidade-digital-por-que-ela-e-essencial-para-a-conexao-de-todos\/","name":"Acessibilidade digital: por que ela \u00e9 essencial para a conex\u00e3o de todos - Blog Brisanet","isPartOf":{"@id":"https:\/\/www.brisanet.com.br\/blog\/#website"},"primaryImageOfPage":{"@id":"https:\/\/www.brisanet.com.br\/blog\/acessibilidade-digital-por-que-ela-e-essencial-para-a-conexao-de-todos\/#primaryimage"},"image":{"@id":"https:\/\/www.brisanet.com.br\/blog\/acessibilidade-digital-por-que-ela-e-essencial-para-a-conexao-de-todos\/#primaryimage"},"thumbnailUrl":"https:\/\/www.brisanet.com.br\/blog\/wp-content\/uploads\/2025\/12\/BANNERS-BRISABLOG-ACESSIBILIDADE-1024x300-1.png","datePublished":"2025-12-30T18:48:09+00:00","dateModified":"2025-12-30T18:48:13+00:00","description":"A acessibilidade digital \u00e9 um elemento fundamental para garantir inclus\u00e3o e participa\u00e7\u00e3o plena na vida online.","breadcrumb":{"@id":"https:\/\/www.brisanet.com.br\/blog\/acessibilidade-digital-por-que-ela-e-essencial-para-a-conexao-de-todos\/#breadcrumb"},"inLanguage":"pt-BR","potentialAction":[{"@type":"ReadAction","target":["https:\/\/www.brisanet.com.br\/blog\/acessibilidade-digital-por-que-ela-e-essencial-para-a-conexao-de-todos\/"]}]},{"@type":"ImageObject","inLanguage":"pt-BR","@id":"https:\/\/www.brisanet.com.br\/blog\/acessibilidade-digital-por-que-ela-e-essencial-para-a-conexao-de-todos\/#primaryimage","url":"https:\/\/www.brisanet.com.br\/blog\/wp-content\/uploads\/2025\/12\/BANNERS-BRISABLOG-ACESSIBILIDADE-1024x300-1.png","contentUrl":"https:\/\/www.brisanet.com.br\/blog\/wp-content\/uploads\/2025\/12\/BANNERS-BRISABLOG-ACESSIBILIDADE-1024x300-1.png","width":1024,"height":300,"caption":"Acessibilidade digital"},{"@type":"BreadcrumbList","@id":"https:\/\/www.brisanet.com.br\/blog\/acessibilidade-digital-por-que-ela-e-essencial-para-a-conexao-de-todos\/#breadcrumb","itemListElement":[{"@type":"ListItem","position":1,"name":"In\u00edcio","item":"https:\/\/www.brisanet.com.br\/blog\/"},{"@type":"ListItem","position":2,"name":"Acessibilidade digital: por que ela \u00e9 essencial para a conex\u00e3o de todos"}]},{"@type":"WebSite","@id":"https:\/\/www.brisanet.com.br\/blog\/#website","url":"https:\/\/www.brisanet.com.br\/blog\/","name":"Blog da Brisanet","description":"Levando o mundo at\u00e9 voc\u00ea","publisher":{"@id":"https:\/\/www.brisanet.com.br\/blog\/#organization"},"potentialAction":[{"@type":"SearchAction","target":{"@type":"EntryPoint","urlTemplate":"https:\/\/www.brisanet.com.br\/blog\/?s={search_term_string}"},"query-input":{"@type":"PropertyValueSpecification","valueRequired":true,"valueName":"search_term_string"}}],"inLanguage":"pt-BR"},{"@type":"Organization","@id":"https:\/\/www.brisanet.com.br\/blog\/#organization","name":"Brisanet","url":"https:\/\/www.brisanet.com.br\/blog\/","logo":{"@type":"ImageObject","inLanguage":"pt-BR","@id":"https:\/\/www.brisanet.com.br\/blog\/#\/schema\/logo\/image\/","url":"https:\/\/www.brisanet.com.br\/blog\/wp-content\/uploads\/2023\/11\/logo-blog-brisanet-1.png","contentUrl":"https:\/\/www.brisanet.com.br\/blog\/wp-content\/uploads\/2023\/11\/logo-blog-brisanet-1.png","width":163,"height":42,"caption":"Brisanet"},"image":{"@id":"https:\/\/www.brisanet.com.br\/blog\/#\/schema\/logo\/image\/"},"sameAs":["https:\/\/www.facebook.com\/brisanet\/"]},{"@type":"Person","@id":"https:\/\/www.brisanet.com.br\/blog\/#\/schema\/person\/6afefce424f53e0563479e83a8cf8d99","name":"\u00cdtalo Alves","image":{"@type":"ImageObject","inLanguage":"pt-BR","@id":"https:\/\/www.brisanet.com.br\/blog\/#\/schema\/person\/image\/","url":"https:\/\/secure.gravatar.com\/avatar\/aaab6ff774fc31943d55b8abc96bf2cea77d29b11d0e1d69a197257df18fff30?s=96&d=mm&r=g","contentUrl":"https:\/\/secure.gravatar.com\/avatar\/aaab6ff774fc31943d55b8abc96bf2cea77d29b11d0e1d69a197257df18fff30?s=96&d=mm&r=g","caption":"\u00cdtalo Alves"},"url":"https:\/\/www.brisanet.com.br\/blog\/author\/italo-alves\/"}]}},"_links":{"self":[{"href":"https:\/\/www.brisanet.com.br\/blog\/wp-json\/wp\/v2\/posts\/1490","targetHints":{"allow":["GET"]}}],"collection":[{"href":"https:\/\/www.brisanet.com.br\/blog\/wp-json\/wp\/v2\/posts"}],"about":[{"href":"https:\/\/www.brisanet.com.br\/blog\/wp-json\/wp\/v2\/types\/post"}],"author":[{"embeddable":true,"href":"https:\/\/www.brisanet.com.br\/blog\/wp-json\/wp\/v2\/users\/3"}],"replies":[{"embeddable":true,"href":"https:\/\/www.brisanet.com.br\/blog\/wp-json\/wp\/v2\/comments?post=1490"}],"version-history":[{"count":1,"href":"https:\/\/www.brisanet.com.br\/blog\/wp-json\/wp\/v2\/posts\/1490\/revisions"}],"predecessor-version":[{"id":1491,"href":"https:\/\/www.brisanet.com.br\/blog\/wp-json\/wp\/v2\/posts\/1490\/revisions\/1491"}],"wp:featuredmedia":[{"embeddable":true,"href":"https:\/\/www.brisanet.com.br\/blog\/wp-json\/wp\/v2\/media\/1492"}],"wp:attachment":[{"href":"https:\/\/www.brisanet.com.br\/blog\/wp-json\/wp\/v2\/media?parent=1490"}],"wp:term":[{"taxonomy":"category","embeddable":true,"href":"https:\/\/www.brisanet.com.br\/blog\/wp-json\/wp\/v2\/categories?post=1490"},{"taxonomy":"post_tag","embeddable":true,"href":"https:\/\/www.brisanet.com.br\/blog\/wp-json\/wp\/v2\/tags?post=1490"}],"curies":[{"name":"wp","href":"https:\/\/api.w.org\/{rel}","templated":true}]}}