{"id":510,"date":"2024-03-20T08:32:53","date_gmt":"2024-03-20T11:32:53","guid":{"rendered":"https:\/\/blog.brisanet.com.br\/?p=510"},"modified":"2025-03-31T15:34:38","modified_gmt":"2025-03-31T18:34:38","slug":"como-a-gestao-de-dados-clinicos-aprimora-a-saude-publica","status":"publish","type":"post","link":"https:\/\/www.brisanet.com.br\/blog\/como-a-gestao-de-dados-clinicos-aprimora-a-saude-publica\/","title":{"rendered":"Como a gest\u00e3o de dados cl\u00ednicos aprimora a sa\u00fade p\u00fablica"},"content":{"rendered":"\n<p>A revolu\u00e7\u00e3o digital est\u00e1 presente em diversas \u00e1reas da sociedade, inclusive na sa\u00fade p\u00fablica. Nesse sentido, a gest\u00e3o eficiente de dados cl\u00ednicos surge como um pilar fundamental para impulsionar melhorias na gest\u00e3o do cuidado da popula\u00e7\u00e3o.&nbsp;<\/p>\n\n\n\n<p>Neste blog, exploraremos o que \u00e9 a gest\u00e3o eficiente de dados cl\u00ednicos, sua import\u00e2ncia e como ela pode promover avan\u00e7os significativos no sistema de sa\u00fade.<\/p>\n\n\n\n<div id=\"ez-toc-container\" class=\"ez-toc-v2_0_72 counter-hierarchy ez-toc-counter ez-toc-custom ez-toc-container-direction\">\n<div class=\"ez-toc-title-container\">\n<p class=\"ez-toc-title\" style=\"cursor:inherit\">O que voc\u00ea ver\u00e1 nesse conte\u00fado:<\/p>\n<span class=\"ez-toc-title-toggle\"><a href=\"#\" class=\"ez-toc-pull-right ez-toc-btn ez-toc-btn-xs ez-toc-btn-default ez-toc-toggle\" aria-label=\"Toggle Table of Content\"><span class=\"ez-toc-js-icon-con\"><span class=\"\"><span class=\"eztoc-hide\" style=\"display:none;\">Toggle<\/span><span class=\"ez-toc-icon-toggle-span\"><svg style=\"fill: #999;color:#999\" xmlns=\"http:\/\/www.w3.org\/2000\/svg\" class=\"list-377408\" width=\"20px\" height=\"20px\" viewBox=\"0 0 24 24\" fill=\"none\"><path d=\"M6 6H4v2h2V6zm14 0H8v2h12V6zM4 11h2v2H4v-2zm16 0H8v2h12v-2zM4 16h2v2H4v-2zm16 0H8v2h12v-2z\" fill=\"currentColor\"><\/path><\/svg><svg style=\"fill: #999;color:#999\" class=\"arrow-unsorted-368013\" xmlns=\"http:\/\/www.w3.org\/2000\/svg\" width=\"10px\" height=\"10px\" viewBox=\"0 0 24 24\" version=\"1.2\" baseProfile=\"tiny\"><path d=\"M18.2 9.3l-6.2-6.3-6.2 6.3c-.2.2-.3.4-.3.7s.1.5.3.7c.2.2.4.3.7.3h11c.3 0 .5-.1.7-.3.2-.2.3-.5.3-.7s-.1-.5-.3-.7zM5.8 14.7l6.2 6.3 6.2-6.3c.2-.2.3-.5.3-.7s-.1-.5-.3-.7c-.2-.2-.4-.3-.7-.3h-11c-.3 0-.5.1-.7.3-.2.2-.3.5-.3.7s.1.5.3.7z\"\/><\/svg><\/span><\/span><\/span><\/a><\/span><\/div>\n<nav><ul class='ez-toc-list ez-toc-list-level-1 ' ><li class='ez-toc-page-1 ez-toc-heading-level-2'><a class=\"ez-toc-link ez-toc-heading-1\" href=\"https:\/\/www.brisanet.com.br\/blog\/como-a-gestao-de-dados-clinicos-aprimora-a-saude-publica\/#O_que_e_gestao_de_dados_clinicos\" title=\"O que \u00e9 gest\u00e3o de dados cl\u00ednicos?\">O que \u00e9 gest\u00e3o de dados cl\u00ednicos?<\/a><\/li><li class='ez-toc-page-1 ez-toc-heading-level-2'><a class=\"ez-toc-link ez-toc-heading-2\" href=\"https:\/\/www.brisanet.com.br\/blog\/como-a-gestao-de-dados-clinicos-aprimora-a-saude-publica\/#Qual_a_importancia_da_gestao_eficiente_de_dados_clinicos_na_saude_publica\" title=\"Qual a import\u00e2ncia da gest\u00e3o eficiente de dados cl\u00ednicos na sa\u00fade p\u00fablica?\">Qual a import\u00e2ncia da gest\u00e3o eficiente de dados cl\u00ednicos na sa\u00fade p\u00fablica?<\/a><\/li><li class='ez-toc-page-1 ez-toc-heading-level-2'><a class=\"ez-toc-link ez-toc-heading-3\" href=\"https:\/\/www.brisanet.com.br\/blog\/como-a-gestao-de-dados-clinicos-aprimora-a-saude-publica\/#Como_a_gestao_eficiente_de_dados_clinicos_pode_aprimorar_a_saude_publica\" title=\"Como a gest\u00e3o eficiente de dados cl\u00ednicos pode aprimorar a sa\u00fade p\u00fablica\">Como a gest\u00e3o eficiente de dados cl\u00ednicos pode aprimorar a sa\u00fade p\u00fablica<\/a><ul class='ez-toc-list-level-3' ><li class='ez-toc-heading-level-3'><a class=\"ez-toc-link ez-toc-heading-4\" href=\"https:\/\/www.brisanet.com.br\/blog\/como-a-gestao-de-dados-clinicos-aprimora-a-saude-publica\/#Diagnosticos_mais_precisos_e_rapidos\" title=\"Diagn\u00f3sticos mais precisos e r\u00e1pidos\">Diagn\u00f3sticos mais precisos e r\u00e1pidos<\/a><\/li><li class='ez-toc-page-1 ez-toc-heading-level-3'><a class=\"ez-toc-link ez-toc-heading-5\" href=\"https:\/\/www.brisanet.com.br\/blog\/como-a-gestao-de-dados-clinicos-aprimora-a-saude-publica\/#Melhoria_na_coordenacao_dos_cuidados\" title=\"Melhoria na coordena\u00e7\u00e3o dos cuidados\">Melhoria na coordena\u00e7\u00e3o dos cuidados<\/a><\/li><li class='ez-toc-page-1 ez-toc-heading-level-3'><a class=\"ez-toc-link ez-toc-heading-6\" href=\"https:\/\/www.brisanet.com.br\/blog\/como-a-gestao-de-dados-clinicos-aprimora-a-saude-publica\/#Monitoramento_de_doencas_cronicas\" title=\"Monitoramento de doen\u00e7as cr\u00f4nicas\">Monitoramento de doen\u00e7as cr\u00f4nicas<\/a><\/li><li class='ez-toc-page-1 ez-toc-heading-level-3'><a class=\"ez-toc-link ez-toc-heading-7\" href=\"https:\/\/www.brisanet.com.br\/blog\/como-a-gestao-de-dados-clinicos-aprimora-a-saude-publica\/#Estrategias_preventivas_mais_eficazes\" title=\"Estrat\u00e9gias preventivas mais eficazes\">Estrat\u00e9gias preventivas mais eficazes<\/a><\/li><li class='ez-toc-page-1 ez-toc-heading-level-3'><a class=\"ez-toc-link ez-toc-heading-8\" href=\"https:\/\/www.brisanet.com.br\/blog\/como-a-gestao-de-dados-clinicos-aprimora-a-saude-publica\/#Aprimoramento_da_experiencia_do_paciente\" title=\"Aprimoramento da experi\u00eancia do paciente\">Aprimoramento da experi\u00eancia do paciente<\/a><\/li><li class='ez-toc-page-1 ez-toc-heading-level-3'><a class=\"ez-toc-link ez-toc-heading-9\" href=\"https:\/\/www.brisanet.com.br\/blog\/como-a-gestao-de-dados-clinicos-aprimora-a-saude-publica\/#Tomada_de_decisoes_embasada_em_dados\" title=\"Tomada de decis\u00f5es embasada em dados\">Tomada de decis\u00f5es embasada em dados<\/a><\/li><\/ul><\/li><\/ul><\/nav><\/div>\n<h2 class=\"wp-block-heading\"><span class=\"ez-toc-section\" id=\"O_que_e_gestao_de_dados_clinicos\"><\/span><strong>O que \u00e9 gest\u00e3o de dados cl\u00ednicos?<\/strong><span class=\"ez-toc-section-end\"><\/span><\/h2>\n\n\n\n<p>A gest\u00e3o eficiente de dados cl\u00ednicos refere-se ao processo de coleta, organiza\u00e7\u00e3o, armazenamento, assim como a an\u00e1lise de informa\u00e7\u00f5es relacionadas \u00e0 sa\u00fade de pacientes.&nbsp;<\/p>\n\n\n\n<p>Esses dados podem incluir registros m\u00e9dicos, resultados de exames, hist\u00f3ricos de tratamento. Dessa forma, os elementos s\u00e3o cruciais para compreender a condi\u00e7\u00e3o de sa\u00fade de uma pessoa.&nbsp;<\/p>\n\n\n\n<p>Portanto, a gest\u00e3o eficiente de dados cl\u00ednicos envolve a utiliza\u00e7\u00e3o de tecnologias e pr\u00e1ticas que otimizam a acessibilidade, seguran\u00e7a e utilidade desses dados.<\/p>\n\n\n\n<h2 class=\"wp-block-heading\"><span class=\"ez-toc-section\" id=\"Qual_a_importancia_da_gestao_eficiente_de_dados_clinicos_na_saude_publica\"><\/span><strong>Qual a import\u00e2ncia da gest\u00e3o eficiente de dados cl\u00ednicos na sa\u00fade p\u00fablica?<\/strong><span class=\"ez-toc-section-end\"><\/span><\/h2>\n\n\n\n<p>A gest\u00e3o eficiente de dados cl\u00ednicos desempenha um papel vital na melhoria da sa\u00fade p\u00fablica em diversos aspectos.&nbsp;<\/p>\n\n\n\n<p>Uma compreens\u00e3o mais profunda e abrangente do estado de sa\u00fade da popula\u00e7\u00e3o possibilita a implementa\u00e7\u00e3o de estrat\u00e9gias mais eficazes e a aloca\u00e7\u00e3o precisa de recursos.&nbsp;<\/p>\n\n\n\n<ul class=\"wp-block-list\">\n<li>Confira tamb\u00e9m: <a href=\"https:\/\/blog.brisanet.com.br\/6-impactos-positivos-do-5g-na-gestao-publica\/\">6 impactos positivos do 5G na gest\u00e3o p\u00fablica<\/a><\/li>\n<\/ul>\n\n\n\n<p>Desse modo, essa abordagem contribui para uma resposta mais \u00e1gil a surtos de doen\u00e7as. Ela tamb\u00e9m permite o desenvolvimento de pol\u00edticas preventivas e, em seguida, fortalece os sistemas de sa\u00fade como um todo.<\/p>\n\n\n\n<h2 class=\"wp-block-heading\"><span class=\"ez-toc-section\" id=\"Como_a_gestao_eficiente_de_dados_clinicos_pode_aprimorar_a_saude_publica\"><\/span><strong>Como a gest\u00e3o eficiente de dados cl\u00ednicos pode aprimorar a sa\u00fade p\u00fablica<\/strong><span class=\"ez-toc-section-end\"><\/span><\/h2>\n\n\n\n<p>Confira como esse conjunto de estrat\u00e9gias pode melhorar a sa\u00fade p\u00fablica:<\/p>\n\n\n\n<h3 class=\"wp-block-heading\"><span class=\"ez-toc-section\" id=\"Diagnosticos_mais_precisos_e_rapidos\"><\/span><strong>Diagn\u00f3sticos mais precisos e r\u00e1pidos<\/strong><span class=\"ez-toc-section-end\"><\/span><\/h3>\n\n\n\n<p>A gest\u00e3o eficiente de dados cl\u00ednicos permite que profissionais de sa\u00fade acessem rapidamente o hist\u00f3rico de um paciente. A pr\u00e1tica resulta em diagn\u00f3sticos mais precisos.&nbsp;<\/p>\n\n\n\n<p>Isso porque os m\u00e9dicos podem avaliar informa\u00e7\u00f5es relevantes de maneira oportuna e evitar a repeti\u00e7\u00e3o de testes desnecess\u00e1rios.<\/p>\n\n\n\n<h3 class=\"wp-block-heading\"><span class=\"ez-toc-section\" id=\"Melhoria_na_coordenacao_dos_cuidados\"><\/span><strong>Melhoria na coordena\u00e7\u00e3o dos cuidados<\/strong><span class=\"ez-toc-section-end\"><\/span><\/h3>\n\n\n\n<p>A integra\u00e7\u00e3o de dados cl\u00ednicos facilita a comunica\u00e7\u00e3o entre diferentes profissionais de sa\u00fade envolvidos no cuidado de um paciente.&nbsp;<\/p>\n\n\n\n<p>Com isso, tem-se uma abordagem mais coordenada e colaborativa, garantindo que todos os aspectos do tratamento sejam considerados.<\/p>\n\n\n\n<h3 class=\"wp-block-heading\"><span class=\"ez-toc-section\" id=\"Monitoramento_de_doencas_cronicas\"><\/span><strong>Monitoramento de doen\u00e7as cr\u00f4nicas<\/strong><span class=\"ez-toc-section-end\"><\/span><\/h3>\n\n\n\n<p>Com a gest\u00e3o eficiente de dados, \u00e9 poss\u00edvel monitorar de forma cont\u00ednua pacientes com doen\u00e7as cr\u00f4nicas. Assim, identificar precocemente mudan\u00e7as nos padr\u00f5es de sa\u00fade permite ajustes r\u00e1pidos nos planos de tratamento.&nbsp;<\/p>\n\n\n\n<p>Al\u00e9m disso, as estrat\u00e9gias previnem complica\u00e7\u00f5es e melhoram significativamente a qualidade de vida do paciente .<\/p>\n\n\n\n<h3 class=\"wp-block-heading\"><span class=\"ez-toc-section\" id=\"Estrategias_preventivas_mais_eficazes\"><\/span><strong>Estrat\u00e9gias preventivas mais eficazes<\/strong><span class=\"ez-toc-section-end\"><\/span><\/h3>\n\n\n\n<p>A an\u00e1lise de dados cl\u00ednicos ajuda na identifica\u00e7\u00e3o de tend\u00eancias epidemiol\u00f3gicas e na elabora\u00e7\u00e3o de estrat\u00e9gias preventivas.&nbsp;<\/p>\n\n\n\n<p>Nesse sentido, campanhas de conscientiza\u00e7\u00e3o e interven\u00e7\u00f5es direcionadas podem ser implementadas com base em informa\u00e7\u00f5es concretas, reduzindo a incid\u00eancia de doen\u00e7as na comunidade.<\/p>\n\n\n\n<h3 class=\"wp-block-heading\"><span class=\"ez-toc-section\" id=\"Aprimoramento_da_experiencia_do_paciente\"><\/span><strong>Aprimoramento da experi\u00eancia do paciente<\/strong><span class=\"ez-toc-section-end\"><\/span><\/h3>\n\n\n\n<p>A gest\u00e3o eficiente de dados cl\u00ednicos coloca o paciente no centro do cuidado, proporcionando uma experi\u00eancia mais participativa e informada.&nbsp;<\/p>\n\n\n\n<p>Por terem acesso r\u00e1pido e f\u00e1cil aos seus pr\u00f3prios dados cl\u00ednicos, os pacientes compreendem melhor sua condi\u00e7\u00e3o de sa\u00fade e participam ativamente nas decis\u00f5es relacionadas ao seu cuidado.<\/p>\n\n\n\n<p>Al\u00e9m disso, perguntas podem ser respondidas mais prontamente, e o paciente se sente mais envolvido no processo de tomada de decis\u00f5es. O que nos leva ao pr\u00f3ximo t\u00f3pico.<\/p>\n\n\n\n<h3 class=\"wp-block-heading\"><span class=\"ez-toc-section\" id=\"Tomada_de_decisoes_embasada_em_dados\"><\/span><strong>Tomada de decis\u00f5es embasada em dados<\/strong><span class=\"ez-toc-section-end\"><\/span><\/h3>\n\n\n\n<p>Governos e institui\u00e7\u00f5es de sa\u00fade podem tomar decis\u00f5es mais informadas e eficazes ao utilizar dados cl\u00ednicos como base.&nbsp;<\/p>\n\n\n\n<p>Tamb\u00e9m \u00e9 poss\u00edvel incluir a aloca\u00e7\u00e3o eficiente de recursos, o desenvolvimento de pol\u00edticas de sa\u00fade p\u00fablica mais robustas e a capacidade de responder rapidamente a emerg\u00eancias de sa\u00fade.<\/p>\n\n\n\n<p>A Gest\u00e3o Eficiente de Dados Cl\u00ednicos n\u00e3o \u00e9 apenas uma ferramenta tecnol\u00f3gica, mas uma aliada poderosa na promo\u00e7\u00e3o de uma experi\u00eancia mais positiva para pacientes e profissionais de sa\u00fade.&nbsp;<\/p>\n\n\n\n<p>Ao promover uma comunica\u00e7\u00e3o transparente e facilitar a tomada de decis\u00f5es informadas, essa abordagem contribui para uma abordagem mais centrada no paciente e eficaz por parte dos profissionais de sa\u00fade.<\/p>\n\n\n\n<p>Quer saber como a Brisanet Empresas pode oferecer as melhores tecnologias para aprimoramento de sua gest\u00e3o de sa\u00fade? <a href=\"https:\/\/www.brisanet.com.br\/governo\">Ent\u00e3o conhe\u00e7a mais sobre os nossos servi\u00e7os.&nbsp;<\/a><\/p>\n","protected":false},"excerpt":{"rendered":"<p>A revolu\u00e7\u00e3o digital est\u00e1 presente em diversas \u00e1reas da sociedade, inclusive na sa\u00fade p\u00fablica. Nesse sentido, a gest\u00e3o eficiente de dados cl\u00ednicos surge como um pilar fundamental para impulsionar melhorias na gest\u00e3o do cuidado da popula\u00e7\u00e3o.&nbsp; Neste blog, exploraremos o que \u00e9 a gest\u00e3o eficiente de dados cl\u00ednicos, sua import\u00e2ncia e como ela pode promover [&hellip;]<\/p>\n","protected":false},"author":3,"featured_media":515,"comment_status":"open","ping_status":"open","sticky":false,"template":"","format":"standard","meta":{"om_disable_all_campaigns":false,"footnotes":""},"categories":[13,21,25],"tags":[],"class_list":["post-510","post","type-post","status-publish","format-standard","has-post-thumbnail","hentry","category-governos","category-para-empresas-e-governos","category-saude"],"yoast_head":"<!-- This site is optimized with the Yoast SEO plugin v24.5 - https:\/\/yoast.com\/wordpress\/plugins\/seo\/ -->\n<title>Gest\u00e3o de dados cl\u00ednicos: como ela aprimora a sa\u00fade p\u00fablica - Blog Brisanet<\/title>\n<meta name=\"description\" content=\"A gest\u00e3o de dados cl\u00ednicos \u00e9 o processo de coleta, organiza\u00e7\u00e3o, armazenamento e an\u00e1lise de informa\u00e7\u00f5es relacionadas \u00e0 sa\u00fade de pacientes.\u00a0\" \/>\n<meta name=\"robots\" content=\"index, follow, max-snippet:-1, max-image-preview:large, max-video-preview:-1\" \/>\n<link rel=\"canonical\" href=\"https:\/\/www.brisanet.com.br\/blog\/como-a-gestao-de-dados-clinicos-aprimora-a-saude-publica\/\" \/>\n<meta property=\"og:locale\" content=\"pt_BR\" \/>\n<meta property=\"og:type\" content=\"article\" \/>\n<meta property=\"og:title\" content=\"Gest\u00e3o de dados cl\u00ednicos: como ela aprimora a sa\u00fade p\u00fablica - Blog Brisanet\" \/>\n<meta property=\"og:description\" content=\"A gest\u00e3o de dados cl\u00ednicos \u00e9 o processo de coleta, organiza\u00e7\u00e3o, armazenamento e an\u00e1lise de informa\u00e7\u00f5es relacionadas \u00e0 sa\u00fade de pacientes.\u00a0\" \/>\n<meta property=\"og:url\" content=\"https:\/\/www.brisanet.com.br\/blog\/como-a-gestao-de-dados-clinicos-aprimora-a-saude-publica\/\" \/>\n<meta property=\"og:site_name\" content=\"Blog Brisanet\" \/>\n<meta property=\"article:publisher\" content=\"https:\/\/www.facebook.com\/brisanet\/\" \/>\n<meta property=\"article:published_time\" content=\"2024-03-20T11:32:53+00:00\" \/>\n<meta property=\"article:modified_time\" content=\"2025-03-31T18:34:38+00:00\" \/>\n<meta property=\"og:image\" content=\"https:\/\/www.brisanet.com.br\/blog\/wp-content\/uploads\/2024\/03\/Gestao-de-dados-clinicos-2-1024x683.jpg\" \/>\n\t<meta property=\"og:image:width\" content=\"1024\" \/>\n\t<meta property=\"og:image:height\" content=\"683\" \/>\n\t<meta property=\"og:image:type\" content=\"image\/jpeg\" \/>\n<meta name=\"author\" content=\"\u00cdtalo Alves\" \/>\n<meta name=\"twitter:card\" content=\"summary_large_image\" \/>\n<meta name=\"twitter:label1\" content=\"Escrito por\" \/>\n\t<meta name=\"twitter:data1\" content=\"\u00cdtalo Alves\" \/>\n\t<meta name=\"twitter:label2\" content=\"Est. tempo de leitura\" \/>\n\t<meta name=\"twitter:data2\" content=\"4 minutos\" \/>\n<script type=\"application\/ld+json\" class=\"yoast-schema-graph\">{\"@context\":\"https:\/\/schema.org\",\"@graph\":[{\"@type\":\"Article\",\"@id\":\"https:\/\/www.brisanet.com.br\/blog\/como-a-gestao-de-dados-clinicos-aprimora-a-saude-publica\/#article\",\"isPartOf\":{\"@id\":\"https:\/\/www.brisanet.com.br\/blog\/como-a-gestao-de-dados-clinicos-aprimora-a-saude-publica\/\"},\"author\":{\"name\":\"\u00cdtalo Alves\",\"@id\":\"https:\/\/www.brisanet.com.br\/blog\/#\/schema\/person\/6afefce424f53e0563479e83a8cf8d99\"},\"headline\":\"Como a gest\u00e3o de dados cl\u00ednicos aprimora a sa\u00fade p\u00fablica\",\"datePublished\":\"2024-03-20T11:32:53+00:00\",\"dateModified\":\"2025-03-31T18:34:38+00:00\",\"mainEntityOfPage\":{\"@id\":\"https:\/\/www.brisanet.com.br\/blog\/como-a-gestao-de-dados-clinicos-aprimora-a-saude-publica\/\"},\"wordCount\":830,\"commentCount\":0,\"publisher\":{\"@id\":\"https:\/\/www.brisanet.com.br\/blog\/#organization\"},\"image\":{\"@id\":\"https:\/\/www.brisanet.com.br\/blog\/como-a-gestao-de-dados-clinicos-aprimora-a-saude-publica\/#primaryimage\"},\"thumbnailUrl\":\"https:\/\/www.brisanet.com.br\/blog\/wp-content\/uploads\/2024\/03\/Gestao-de-dados-clinicos-2.jpg\",\"articleSection\":[\"Governos\",\"Para empresas e governos\",\"Sa\u00fade\"],\"inLanguage\":\"pt-BR\",\"potentialAction\":[{\"@type\":\"CommentAction\",\"name\":\"Comment\",\"target\":[\"https:\/\/www.brisanet.com.br\/blog\/como-a-gestao-de-dados-clinicos-aprimora-a-saude-publica\/#respond\"]}]},{\"@type\":\"WebPage\",\"@id\":\"https:\/\/www.brisanet.com.br\/blog\/como-a-gestao-de-dados-clinicos-aprimora-a-saude-publica\/\",\"url\":\"https:\/\/www.brisanet.com.br\/blog\/como-a-gestao-de-dados-clinicos-aprimora-a-saude-publica\/\",\"name\":\"Gest\u00e3o de dados cl\u00ednicos: como ela aprimora a sa\u00fade p\u00fablica - Blog Brisanet\",\"isPartOf\":{\"@id\":\"https:\/\/www.brisanet.com.br\/blog\/#website\"},\"primaryImageOfPage\":{\"@id\":\"https:\/\/www.brisanet.com.br\/blog\/como-a-gestao-de-dados-clinicos-aprimora-a-saude-publica\/#primaryimage\"},\"image\":{\"@id\":\"https:\/\/www.brisanet.com.br\/blog\/como-a-gestao-de-dados-clinicos-aprimora-a-saude-publica\/#primaryimage\"},\"thumbnailUrl\":\"https:\/\/www.brisanet.com.br\/blog\/wp-content\/uploads\/2024\/03\/Gestao-de-dados-clinicos-2.jpg\",\"datePublished\":\"2024-03-20T11:32:53+00:00\",\"dateModified\":\"2025-03-31T18:34:38+00:00\",\"description\":\"A gest\u00e3o de dados cl\u00ednicos \u00e9 o processo de coleta, organiza\u00e7\u00e3o, armazenamento e an\u00e1lise de informa\u00e7\u00f5es relacionadas \u00e0 sa\u00fade de pacientes.\u00a0\",\"breadcrumb\":{\"@id\":\"https:\/\/www.brisanet.com.br\/blog\/como-a-gestao-de-dados-clinicos-aprimora-a-saude-publica\/#breadcrumb\"},\"inLanguage\":\"pt-BR\",\"potentialAction\":[{\"@type\":\"ReadAction\",\"target\":[\"https:\/\/www.brisanet.com.br\/blog\/como-a-gestao-de-dados-clinicos-aprimora-a-saude-publica\/\"]}]},{\"@type\":\"ImageObject\",\"inLanguage\":\"pt-BR\",\"@id\":\"https:\/\/www.brisanet.com.br\/blog\/como-a-gestao-de-dados-clinicos-aprimora-a-saude-publica\/#primaryimage\",\"url\":\"https:\/\/www.brisanet.com.br\/blog\/wp-content\/uploads\/2024\/03\/Gestao-de-dados-clinicos-2.jpg\",\"contentUrl\":\"https:\/\/www.brisanet.com.br\/blog\/wp-content\/uploads\/2024\/03\/Gestao-de-dados-clinicos-2.jpg\",\"width\":8192,\"height\":5464,\"caption\":\"Gest\u00e3o de dados cl\u00ednicos\"},{\"@type\":\"BreadcrumbList\",\"@id\":\"https:\/\/www.brisanet.com.br\/blog\/como-a-gestao-de-dados-clinicos-aprimora-a-saude-publica\/#breadcrumb\",\"itemListElement\":[{\"@type\":\"ListItem\",\"position\":1,\"name\":\"In\u00edcio\",\"item\":\"https:\/\/www.brisanet.com.br\/blog\/\"},{\"@type\":\"ListItem\",\"position\":2,\"name\":\"Como a gest\u00e3o de dados cl\u00ednicos aprimora a sa\u00fade p\u00fablica\"}]},{\"@type\":\"WebSite\",\"@id\":\"https:\/\/www.brisanet.com.br\/blog\/#website\",\"url\":\"https:\/\/www.brisanet.com.br\/blog\/\",\"name\":\"Blog da Brisanet\",\"description\":\"Levando o mundo at\u00e9 voc\u00ea\",\"publisher\":{\"@id\":\"https:\/\/www.brisanet.com.br\/blog\/#organization\"},\"potentialAction\":[{\"@type\":\"SearchAction\",\"target\":{\"@type\":\"EntryPoint\",\"urlTemplate\":\"https:\/\/www.brisanet.com.br\/blog\/?s={search_term_string}\"},\"query-input\":{\"@type\":\"PropertyValueSpecification\",\"valueRequired\":true,\"valueName\":\"search_term_string\"}}],\"inLanguage\":\"pt-BR\"},{\"@type\":\"Organization\",\"@id\":\"https:\/\/www.brisanet.com.br\/blog\/#organization\",\"name\":\"Brisanet\",\"url\":\"https:\/\/www.brisanet.com.br\/blog\/\",\"logo\":{\"@type\":\"ImageObject\",\"inLanguage\":\"pt-BR\",\"@id\":\"https:\/\/www.brisanet.com.br\/blog\/#\/schema\/logo\/image\/\",\"url\":\"https:\/\/www.brisanet.com.br\/blog\/wp-content\/uploads\/2023\/11\/logo-blog-brisanet-1.png\",\"contentUrl\":\"https:\/\/www.brisanet.com.br\/blog\/wp-content\/uploads\/2023\/11\/logo-blog-brisanet-1.png\",\"width\":163,\"height\":42,\"caption\":\"Brisanet\"},\"image\":{\"@id\":\"https:\/\/www.brisanet.com.br\/blog\/#\/schema\/logo\/image\/\"},\"sameAs\":[\"https:\/\/www.facebook.com\/brisanet\/\"]},{\"@type\":\"Person\",\"@id\":\"https:\/\/www.brisanet.com.br\/blog\/#\/schema\/person\/6afefce424f53e0563479e83a8cf8d99\",\"name\":\"\u00cdtalo Alves\",\"image\":{\"@type\":\"ImageObject\",\"inLanguage\":\"pt-BR\",\"@id\":\"https:\/\/www.brisanet.com.br\/blog\/#\/schema\/person\/image\/\",\"url\":\"https:\/\/secure.gravatar.com\/avatar\/aaab6ff774fc31943d55b8abc96bf2cea77d29b11d0e1d69a197257df18fff30?s=96&d=mm&r=g\",\"contentUrl\":\"https:\/\/secure.gravatar.com\/avatar\/aaab6ff774fc31943d55b8abc96bf2cea77d29b11d0e1d69a197257df18fff30?s=96&d=mm&r=g\",\"caption\":\"\u00cdtalo Alves\"},\"url\":\"https:\/\/www.brisanet.com.br\/blog\/author\/italo-alves\/\"}]}<\/script>\n<!-- \/ Yoast SEO plugin. -->","yoast_head_json":{"title":"Gest\u00e3o de dados cl\u00ednicos: como ela aprimora a sa\u00fade p\u00fablica - Blog Brisanet","description":"A gest\u00e3o de dados cl\u00ednicos \u00e9 o processo de coleta, organiza\u00e7\u00e3o, armazenamento e an\u00e1lise de informa\u00e7\u00f5es relacionadas \u00e0 sa\u00fade de pacientes.\u00a0","robots":{"index":"index","follow":"follow","max-snippet":"max-snippet:-1","max-image-preview":"max-image-preview:large","max-video-preview":"max-video-preview:-1"},"canonical":"https:\/\/www.brisanet.com.br\/blog\/como-a-gestao-de-dados-clinicos-aprimora-a-saude-publica\/","og_locale":"pt_BR","og_type":"article","og_title":"Gest\u00e3o de dados cl\u00ednicos: como ela aprimora a sa\u00fade p\u00fablica - Blog Brisanet","og_description":"A gest\u00e3o de dados cl\u00ednicos \u00e9 o processo de coleta, organiza\u00e7\u00e3o, armazenamento e an\u00e1lise de informa\u00e7\u00f5es relacionadas \u00e0 sa\u00fade de pacientes.\u00a0","og_url":"https:\/\/www.brisanet.com.br\/blog\/como-a-gestao-de-dados-clinicos-aprimora-a-saude-publica\/","og_site_name":"Blog Brisanet","article_publisher":"https:\/\/www.facebook.com\/brisanet\/","article_published_time":"2024-03-20T11:32:53+00:00","article_modified_time":"2025-03-31T18:34:38+00:00","og_image":[{"width":1024,"height":683,"url":"https:\/\/www.brisanet.com.br\/blog\/wp-content\/uploads\/2024\/03\/Gestao-de-dados-clinicos-2-1024x683.jpg","type":"image\/jpeg"}],"author":"\u00cdtalo Alves","twitter_card":"summary_large_image","twitter_misc":{"Escrito por":"\u00cdtalo Alves","Est. tempo de leitura":"4 minutos"},"schema":{"@context":"https:\/\/schema.org","@graph":[{"@type":"Article","@id":"https:\/\/www.brisanet.com.br\/blog\/como-a-gestao-de-dados-clinicos-aprimora-a-saude-publica\/#article","isPartOf":{"@id":"https:\/\/www.brisanet.com.br\/blog\/como-a-gestao-de-dados-clinicos-aprimora-a-saude-publica\/"},"author":{"name":"\u00cdtalo Alves","@id":"https:\/\/www.brisanet.com.br\/blog\/#\/schema\/person\/6afefce424f53e0563479e83a8cf8d99"},"headline":"Como a gest\u00e3o de dados cl\u00ednicos aprimora a sa\u00fade p\u00fablica","datePublished":"2024-03-20T11:32:53+00:00","dateModified":"2025-03-31T18:34:38+00:00","mainEntityOfPage":{"@id":"https:\/\/www.brisanet.com.br\/blog\/como-a-gestao-de-dados-clinicos-aprimora-a-saude-publica\/"},"wordCount":830,"commentCount":0,"publisher":{"@id":"https:\/\/www.brisanet.com.br\/blog\/#organization"},"image":{"@id":"https:\/\/www.brisanet.com.br\/blog\/como-a-gestao-de-dados-clinicos-aprimora-a-saude-publica\/#primaryimage"},"thumbnailUrl":"https:\/\/www.brisanet.com.br\/blog\/wp-content\/uploads\/2024\/03\/Gestao-de-dados-clinicos-2.jpg","articleSection":["Governos","Para empresas e governos","Sa\u00fade"],"inLanguage":"pt-BR","potentialAction":[{"@type":"CommentAction","name":"Comment","target":["https:\/\/www.brisanet.com.br\/blog\/como-a-gestao-de-dados-clinicos-aprimora-a-saude-publica\/#respond"]}]},{"@type":"WebPage","@id":"https:\/\/www.brisanet.com.br\/blog\/como-a-gestao-de-dados-clinicos-aprimora-a-saude-publica\/","url":"https:\/\/www.brisanet.com.br\/blog\/como-a-gestao-de-dados-clinicos-aprimora-a-saude-publica\/","name":"Gest\u00e3o de dados cl\u00ednicos: como ela aprimora a sa\u00fade p\u00fablica - Blog Brisanet","isPartOf":{"@id":"https:\/\/www.brisanet.com.br\/blog\/#website"},"primaryImageOfPage":{"@id":"https:\/\/www.brisanet.com.br\/blog\/como-a-gestao-de-dados-clinicos-aprimora-a-saude-publica\/#primaryimage"},"image":{"@id":"https:\/\/www.brisanet.com.br\/blog\/como-a-gestao-de-dados-clinicos-aprimora-a-saude-publica\/#primaryimage"},"thumbnailUrl":"https:\/\/www.brisanet.com.br\/blog\/wp-content\/uploads\/2024\/03\/Gestao-de-dados-clinicos-2.jpg","datePublished":"2024-03-20T11:32:53+00:00","dateModified":"2025-03-31T18:34:38+00:00","description":"A gest\u00e3o de dados cl\u00ednicos \u00e9 o processo de coleta, organiza\u00e7\u00e3o, armazenamento e an\u00e1lise de informa\u00e7\u00f5es relacionadas \u00e0 sa\u00fade de pacientes.\u00a0","breadcrumb":{"@id":"https:\/\/www.brisanet.com.br\/blog\/como-a-gestao-de-dados-clinicos-aprimora-a-saude-publica\/#breadcrumb"},"inLanguage":"pt-BR","potentialAction":[{"@type":"ReadAction","target":["https:\/\/www.brisanet.com.br\/blog\/como-a-gestao-de-dados-clinicos-aprimora-a-saude-publica\/"]}]},{"@type":"ImageObject","inLanguage":"pt-BR","@id":"https:\/\/www.brisanet.com.br\/blog\/como-a-gestao-de-dados-clinicos-aprimora-a-saude-publica\/#primaryimage","url":"https:\/\/www.brisanet.com.br\/blog\/wp-content\/uploads\/2024\/03\/Gestao-de-dados-clinicos-2.jpg","contentUrl":"https:\/\/www.brisanet.com.br\/blog\/wp-content\/uploads\/2024\/03\/Gestao-de-dados-clinicos-2.jpg","width":8192,"height":5464,"caption":"Gest\u00e3o de dados cl\u00ednicos"},{"@type":"BreadcrumbList","@id":"https:\/\/www.brisanet.com.br\/blog\/como-a-gestao-de-dados-clinicos-aprimora-a-saude-publica\/#breadcrumb","itemListElement":[{"@type":"ListItem","position":1,"name":"In\u00edcio","item":"https:\/\/www.brisanet.com.br\/blog\/"},{"@type":"ListItem","position":2,"name":"Como a gest\u00e3o de dados cl\u00ednicos aprimora a sa\u00fade p\u00fablica"}]},{"@type":"WebSite","@id":"https:\/\/www.brisanet.com.br\/blog\/#website","url":"https:\/\/www.brisanet.com.br\/blog\/","name":"Blog da Brisanet","description":"Levando o mundo at\u00e9 voc\u00ea","publisher":{"@id":"https:\/\/www.brisanet.com.br\/blog\/#organization"},"potentialAction":[{"@type":"SearchAction","target":{"@type":"EntryPoint","urlTemplate":"https:\/\/www.brisanet.com.br\/blog\/?s={search_term_string}"},"query-input":{"@type":"PropertyValueSpecification","valueRequired":true,"valueName":"search_term_string"}}],"inLanguage":"pt-BR"},{"@type":"Organization","@id":"https:\/\/www.brisanet.com.br\/blog\/#organization","name":"Brisanet","url":"https:\/\/www.brisanet.com.br\/blog\/","logo":{"@type":"ImageObject","inLanguage":"pt-BR","@id":"https:\/\/www.brisanet.com.br\/blog\/#\/schema\/logo\/image\/","url":"https:\/\/www.brisanet.com.br\/blog\/wp-content\/uploads\/2023\/11\/logo-blog-brisanet-1.png","contentUrl":"https:\/\/www.brisanet.com.br\/blog\/wp-content\/uploads\/2023\/11\/logo-blog-brisanet-1.png","width":163,"height":42,"caption":"Brisanet"},"image":{"@id":"https:\/\/www.brisanet.com.br\/blog\/#\/schema\/logo\/image\/"},"sameAs":["https:\/\/www.facebook.com\/brisanet\/"]},{"@type":"Person","@id":"https:\/\/www.brisanet.com.br\/blog\/#\/schema\/person\/6afefce424f53e0563479e83a8cf8d99","name":"\u00cdtalo Alves","image":{"@type":"ImageObject","inLanguage":"pt-BR","@id":"https:\/\/www.brisanet.com.br\/blog\/#\/schema\/person\/image\/","url":"https:\/\/secure.gravatar.com\/avatar\/aaab6ff774fc31943d55b8abc96bf2cea77d29b11d0e1d69a197257df18fff30?s=96&d=mm&r=g","contentUrl":"https:\/\/secure.gravatar.com\/avatar\/aaab6ff774fc31943d55b8abc96bf2cea77d29b11d0e1d69a197257df18fff30?s=96&d=mm&r=g","caption":"\u00cdtalo Alves"},"url":"https:\/\/www.brisanet.com.br\/blog\/author\/italo-alves\/"}]}},"_links":{"self":[{"href":"https:\/\/www.brisanet.com.br\/blog\/wp-json\/wp\/v2\/posts\/510","targetHints":{"allow":["GET"]}}],"collection":[{"href":"https:\/\/www.brisanet.com.br\/blog\/wp-json\/wp\/v2\/posts"}],"about":[{"href":"https:\/\/www.brisanet.com.br\/blog\/wp-json\/wp\/v2\/types\/post"}],"author":[{"embeddable":true,"href":"https:\/\/www.brisanet.com.br\/blog\/wp-json\/wp\/v2\/users\/3"}],"replies":[{"embeddable":true,"href":"https:\/\/www.brisanet.com.br\/blog\/wp-json\/wp\/v2\/comments?post=510"}],"version-history":[{"count":1,"href":"https:\/\/www.brisanet.com.br\/blog\/wp-json\/wp\/v2\/posts\/510\/revisions"}],"predecessor-version":[{"id":1274,"href":"https:\/\/www.brisanet.com.br\/blog\/wp-json\/wp\/v2\/posts\/510\/revisions\/1274"}],"wp:featuredmedia":[{"embeddable":true,"href":"https:\/\/www.brisanet.com.br\/blog\/wp-json\/wp\/v2\/media\/515"}],"wp:attachment":[{"href":"https:\/\/www.brisanet.com.br\/blog\/wp-json\/wp\/v2\/media?parent=510"}],"wp:term":[{"taxonomy":"category","embeddable":true,"href":"https:\/\/www.brisanet.com.br\/blog\/wp-json\/wp\/v2\/categories?post=510"},{"taxonomy":"post_tag","embeddable":true,"href":"https:\/\/www.brisanet.com.br\/blog\/wp-json\/wp\/v2\/tags?post=510"}],"curies":[{"name":"wp","href":"https:\/\/api.w.org\/{rel}","templated":true}]}}