{"id":613,"date":"2024-05-07T09:06:05","date_gmt":"2024-05-07T12:06:05","guid":{"rendered":"https:\/\/blog.brisanet.com.br\/?p=613"},"modified":"2025-03-31T15:34:18","modified_gmt":"2025-03-31T18:34:18","slug":"como-as-pmes-podem-vender-mais-no-dia-das-maes","status":"publish","type":"post","link":"https:\/\/www.brisanet.com.br\/blog\/como-as-pmes-podem-vender-mais-no-dia-das-maes\/","title":{"rendered":"Como as PMEs podem vender mais no Dia das M\u00e3es"},"content":{"rendered":"\n<p>O m\u00eas de maio chegou e com ele o Dia das M\u00e3es se aproxima. A data comemorativa \u00e9 a segunda mais importante para o com\u00e9rcio, perdendo apenas para o Natal.&nbsp;<\/p>\n\n\n\n<p>Assim, as Pequenas e M\u00e9dias Empresas (PMEs) precisam estar prontas para atender a grande demanda que essa data t\u00e3o especial proporciona.&nbsp;<\/p>\n\n\n\n<p>Neste blog, voc\u00ea saber\u00e1 um passo a passo de como vender mais no Dia das M\u00e3es.<\/p>\n\n\n\n<div id=\"ez-toc-container\" class=\"ez-toc-v2_0_72 counter-hierarchy ez-toc-counter ez-toc-custom ez-toc-container-direction\">\n<div class=\"ez-toc-title-container\">\n<p class=\"ez-toc-title\" style=\"cursor:inherit\">O que voc\u00ea ver\u00e1 nesse conte\u00fado:<\/p>\n<span class=\"ez-toc-title-toggle\"><a href=\"#\" class=\"ez-toc-pull-right ez-toc-btn ez-toc-btn-xs ez-toc-btn-default ez-toc-toggle\" aria-label=\"Toggle Table of Content\"><span class=\"ez-toc-js-icon-con\"><span class=\"\"><span class=\"eztoc-hide\" style=\"display:none;\">Toggle<\/span><span class=\"ez-toc-icon-toggle-span\"><svg style=\"fill: #999;color:#999\" xmlns=\"http:\/\/www.w3.org\/2000\/svg\" class=\"list-377408\" width=\"20px\" height=\"20px\" viewBox=\"0 0 24 24\" fill=\"none\"><path d=\"M6 6H4v2h2V6zm14 0H8v2h12V6zM4 11h2v2H4v-2zm16 0H8v2h12v-2zM4 16h2v2H4v-2zm16 0H8v2h12v-2z\" fill=\"currentColor\"><\/path><\/svg><svg style=\"fill: #999;color:#999\" class=\"arrow-unsorted-368013\" xmlns=\"http:\/\/www.w3.org\/2000\/svg\" width=\"10px\" height=\"10px\" viewBox=\"0 0 24 24\" version=\"1.2\" baseProfile=\"tiny\"><path d=\"M18.2 9.3l-6.2-6.3-6.2 6.3c-.2.2-.3.4-.3.7s.1.5.3.7c.2.2.4.3.7.3h11c.3 0 .5-.1.7-.3.2-.2.3-.5.3-.7s-.1-.5-.3-.7zM5.8 14.7l6.2 6.3 6.2-6.3c.2-.2.3-.5.3-.7s-.1-.5-.3-.7c-.2-.2-.4-.3-.7-.3h-11c-.3 0-.5.1-.7.3-.2.2-.3.5-.3.7s.1.5.3.7z\"\/><\/svg><\/span><\/span><\/span><\/a><\/span><\/div>\n<nav><ul class='ez-toc-list ez-toc-list-level-1 ' ><li class='ez-toc-page-1 ez-toc-heading-level-2'><a class=\"ez-toc-link ez-toc-heading-1\" href=\"https:\/\/www.brisanet.com.br\/blog\/como-as-pmes-podem-vender-mais-no-dia-das-maes\/#Qual_o_impacto_do_Dia_das_Maes_para_as_PMEs\" title=\"Qual o impacto do Dia das M\u00e3es para as PMEs?\">Qual o impacto do Dia das M\u00e3es para as PMEs?<\/a><ul class='ez-toc-list-level-3' ><li class='ez-toc-heading-level-3'><a class=\"ez-toc-link ez-toc-heading-2\" href=\"https:\/\/www.brisanet.com.br\/blog\/como-as-pmes-podem-vender-mais-no-dia-das-maes\/#Oportunidade_de_atrair_novos_clientes\" title=\"Oportunidade de atrair novos clientes\">Oportunidade de atrair novos clientes<\/a><\/li><li class='ez-toc-page-1 ez-toc-heading-level-3'><a class=\"ez-toc-link ez-toc-heading-3\" href=\"https:\/\/www.brisanet.com.br\/blog\/como-as-pmes-podem-vender-mais-no-dia-das-maes\/#Fortalecimento_do_relacionamento_com_os_clientes\" title=\"Fortalecimento do relacionamento com os clientes\">Fortalecimento do relacionamento com os clientes<\/a><\/li><li class='ez-toc-page-1 ez-toc-heading-level-3'><a class=\"ez-toc-link ez-toc-heading-4\" href=\"https:\/\/www.brisanet.com.br\/blog\/como-as-pmes-podem-vender-mais-no-dia-das-maes\/#Inovacao_e_criatividade\" title=\"Inova\u00e7\u00e3o e criatividade\">Inova\u00e7\u00e3o e criatividade<\/a><\/li><li class='ez-toc-page-1 ez-toc-heading-level-3'><a class=\"ez-toc-link ez-toc-heading-5\" href=\"https:\/\/www.brisanet.com.br\/blog\/como-as-pmes-podem-vender-mais-no-dia-das-maes\/#Geracao_de_receita_adicional\" title=\"Gera\u00e7\u00e3o de receita adicional\">Gera\u00e7\u00e3o de receita adicional<\/a><\/li><li class='ez-toc-page-1 ez-toc-heading-level-3'><a class=\"ez-toc-link ez-toc-heading-6\" href=\"https:\/\/www.brisanet.com.br\/blog\/como-as-pmes-podem-vender-mais-no-dia-das-maes\/#Impacto_na_economia_local\" title=\"Impacto na economia local\">Impacto na economia local<\/a><\/li><\/ul><\/li><li class='ez-toc-page-1 ez-toc-heading-level-2'><a class=\"ez-toc-link ez-toc-heading-7\" href=\"https:\/\/www.brisanet.com.br\/blog\/como-as-pmes-podem-vender-mais-no-dia-das-maes\/#Descubra_como_as_PMEs_podem_vender_mais_no_Dias_das_Maes\" title=\"Descubra como as PMEs podem vender mais no Dias das M\u00e3es\">Descubra como as PMEs podem vender mais no Dias das M\u00e3es<\/a><ul class='ez-toc-list-level-3' ><li class='ez-toc-heading-level-3'><a class=\"ez-toc-link ez-toc-heading-8\" href=\"https:\/\/www.brisanet.com.br\/blog\/como-as-pmes-podem-vender-mais-no-dia-das-maes\/#Conheca_seu_publico-alvo\" title=\"Conhe\u00e7a seu p\u00fablico-alvo\">Conhe\u00e7a seu p\u00fablico-alvo<\/a><\/li><li class='ez-toc-page-1 ez-toc-heading-level-3'><a class=\"ez-toc-link ez-toc-heading-9\" href=\"https:\/\/www.brisanet.com.br\/blog\/como-as-pmes-podem-vender-mais-no-dia-das-maes\/#Ofereca_promocoes_especiais\" title=\"Ofere\u00e7a promo\u00e7\u00f5es especiais\">Ofere\u00e7a promo\u00e7\u00f5es especiais<\/a><\/li><li class='ez-toc-page-1 ez-toc-heading-level-3'><a class=\"ez-toc-link ez-toc-heading-10\" href=\"https:\/\/www.brisanet.com.br\/blog\/como-as-pmes-podem-vender-mais-no-dia-das-maes\/#Crie_produtos_personalizados\" title=\"Crie produtos personalizados\">Crie produtos personalizados<\/a><\/li><li class='ez-toc-page-1 ez-toc-heading-level-3'><a class=\"ez-toc-link ez-toc-heading-11\" href=\"https:\/\/www.brisanet.com.br\/blog\/como-as-pmes-podem-vender-mais-no-dia-das-maes\/#Invista_em_experiencias_memoraveis\" title=\"Invista em experi\u00eancias memor\u00e1veis\">Invista em experi\u00eancias memor\u00e1veis<\/a><\/li><li class='ez-toc-page-1 ez-toc-heading-level-3'><a class=\"ez-toc-link ez-toc-heading-12\" href=\"https:\/\/www.brisanet.com.br\/blog\/como-as-pmes-podem-vender-mais-no-dia-das-maes\/#Otimize_sua_presenca_online\" title=\"Otimize sua presen\u00e7a online\">Otimize sua presen\u00e7a online<\/a><\/li><li class='ez-toc-page-1 ez-toc-heading-level-3'><a class=\"ez-toc-link ez-toc-heading-13\" href=\"https:\/\/www.brisanet.com.br\/blog\/como-as-pmes-podem-vender-mais-no-dia-das-maes\/#Faca_parcerias_estrategicas\" title=\"Fa\u00e7a parcerias estrat\u00e9gicas\">Fa\u00e7a parcerias estrat\u00e9gicas<\/a><\/li><li class='ez-toc-page-1 ez-toc-heading-level-3'><a class=\"ez-toc-link ez-toc-heading-14\" href=\"https:\/\/www.brisanet.com.br\/blog\/como-as-pmes-podem-vender-mais-no-dia-das-maes\/#Ofereca_diversas_opcoes_de_entrega\" title=\"Ofere\u00e7a diversas op\u00e7\u00f5es de entrega&nbsp;\">Ofere\u00e7a diversas op\u00e7\u00f5es de entrega&nbsp;<\/a><\/li><li class='ez-toc-page-1 ez-toc-heading-level-3'><a class=\"ez-toc-link ez-toc-heading-15\" href=\"https:\/\/www.brisanet.com.br\/blog\/como-as-pmes-podem-vender-mais-no-dia-das-maes\/#Pos-venda_e_feedback\" title=\"P\u00f3s-venda e feedback\">P\u00f3s-venda e feedback<\/a><\/li><\/ul><\/li><\/ul><\/nav><\/div>\n<h2 class=\"wp-block-heading\"><span class=\"ez-toc-section\" id=\"Qual_o_impacto_do_Dia_das_Maes_para_as_PMEs\"><\/span><strong>Qual o impacto do Dia das M\u00e3es para as PMEs?<\/strong><span class=\"ez-toc-section-end\"><\/span><\/h2>\n\n\n\n<p>O Dia das M\u00e3es tem um impacto significativo para as pequenas e m\u00e9dias empresas (PMEs) em diversos aspectos. Confira os benef\u00edcios:<\/p>\n\n\n\n<h3 class=\"wp-block-heading\"><span class=\"ez-toc-section\" id=\"Oportunidade_de_atrair_novos_clientes\"><\/span><strong>Oportunidade de atrair novos clientes<\/strong><span class=\"ez-toc-section-end\"><\/span><\/h3>\n\n\n\n<p>As <a href=\"https:\/\/blog.brisanet.com.br\/dia-do-consumidor-para-pmes-como-vender-mais\/\" target=\"_blank\" rel=\"noreferrer noopener\">PMEs <\/a>t\u00eam a oportunidade de atrair novos clientes durante o Dia das M\u00e3es, especialmente aqueles que est\u00e3o em busca de presentes especiais para suas m\u00e3es.\u00a0<\/p>\n\n\n\n<h3 class=\"wp-block-heading\"><span class=\"ez-toc-section\" id=\"Fortalecimento_do_relacionamento_com_os_clientes\"><\/span><strong>Fortalecimento do relacionamento com os clientes<\/strong><span class=\"ez-toc-section-end\"><\/span><\/h3>\n\n\n\n<p>O Dia das M\u00e3es oferece uma oportunidade \u00fanica para as PMEs fortalecerem o relacionamento com seus clientes existentes.&nbsp;<\/p>\n\n\n\n<h3 class=\"wp-block-heading\"><span class=\"ez-toc-section\" id=\"Inovacao_e_criatividade\"><\/span><strong>Inova\u00e7\u00e3o e criatividade<\/strong><span class=\"ez-toc-section-end\"><\/span><\/h3>\n\n\n\n<p>O Dia das M\u00e3es incentiva as PMEs a serem criativas e inovadoras na oferta de produtos e servi\u00e7os que atendam \u00e0s necessidades e desejos dos clientes.&nbsp;<\/p>\n\n\n\n<h3 class=\"wp-block-heading\"><span class=\"ez-toc-section\" id=\"Geracao_de_receita_adicional\"><\/span><strong>Gera\u00e7\u00e3o de receita adicional<\/strong><span class=\"ez-toc-section-end\"><\/span><\/h3>\n\n\n\n<p>Al\u00e9m das vendas diretas de produtos e servi\u00e7os, o Dia das M\u00e3es tamb\u00e9m pode gerar receita adicional por meio de servi\u00e7os complementares.<\/p>\n\n\n\n<h3 class=\"wp-block-heading\"><span class=\"ez-toc-section\" id=\"Impacto_na_economia_local\"><\/span><strong>Impacto na economia local<\/strong><span class=\"ez-toc-section-end\"><\/span><\/h3>\n\n\n\n<p>O aumento das vendas durante o Dia das M\u00e3es n\u00e3o beneficia apenas as PMEs individualmente, mas tamb\u00e9m contribui para o crescimento da economia local.&nbsp;<\/p>\n\n\n\n<p>O aumento da atividade comercial durante esse per\u00edodo pode impulsionar o emprego, estimular o investimento e fortalecer a comunidade empresarial como um todo.<\/p>\n\n\n\n<p>Agora que voc\u00ea j\u00e1 sabe os principais benef\u00edcios do Dias das M\u00e3es para as <a href=\"https:\/\/blog.brisanet.com.br\/8-dicas-de-como-as-pmes-podem-aproveitar-a-black-friday-para-vender-mais\/\" target=\"_blank\" rel=\"noreferrer noopener\">PMEs<\/a>, continue a leitura para saber como vender mais nesta data.\u00a0<\/p>\n\n\n\n<h2 class=\"wp-block-heading\"><span class=\"ez-toc-section\" id=\"Descubra_como_as_PMEs_podem_vender_mais_no_Dias_das_Maes\"><\/span><strong>Descubra como as PMEs podem vender mais no Dias das M\u00e3es<\/strong><span class=\"ez-toc-section-end\"><\/span><\/h2>\n\n\n\n<p>Confira o que fazer para seu neg\u00f3cio vender mais nos Dias das M\u00e3es.&nbsp;<\/p>\n\n\n\n<h3 class=\"wp-block-heading\"><span class=\"ez-toc-section\" id=\"Conheca_seu_publico-alvo\"><\/span><strong>Conhe\u00e7a seu p\u00fablico-alvo<\/strong><span class=\"ez-toc-section-end\"><\/span><\/h3>\n\n\n\n<p>Antes de tudo, \u00e9 essencial entender quem s\u00e3o seus clientes e o que est\u00e3o procurando para presentear suas m\u00e3es.&nbsp;<\/p>\n\n\n\n<p>Desse modo, lembre-se tamb\u00e9m que outras pessoas podem desempenhar esse papel na vida de muitos, como av\u00f3s, tias, madrastas e outros graus de parentesco.\u00a0<\/p>\n\n\n\n<p>Al\u00e9m disso, \u00e9 necess\u00e1rio realizar pesquisas de mercado, analisar o comportamento de compra, assim como identificar as tend\u00eancias para adaptar seus produtos e servi\u00e7os \u00e0s necessidades do seu p\u00fablico.<\/p>\n\n\n\n<h3 class=\"wp-block-heading\"><span class=\"ez-toc-section\" id=\"Ofereca_promocoes_especiais\"><\/span><strong>Ofere\u00e7a promo\u00e7\u00f5es especiais<\/strong> <span class=\"ez-toc-section-end\"><\/span><\/h3>\n\n\n\n<p>A data \u00e9 uma \u00f3tima oportunidade para oferecer descontos especiais e promo\u00e7\u00f5es exclusivas.\u00a0Portanto, as PMEs podem vender mais nos Dias das M\u00e3es.<\/p>\n\n\n\n<p>Nesse sentido, seu time pode criar pacotes promocionais, descontos progressivos ou brindes para incentivar os clientes a comprarem mais.&nbsp;<\/p>\n\n\n\n<p>N\u00e3o esque\u00e7a de destacar essas ofertas em seus canais de comunica\u00e7\u00e3o, como site, redes sociais e e-mail marketing.<\/p>\n\n\n\n<h3 class=\"wp-block-heading\"><span class=\"ez-toc-section\" id=\"Crie_produtos_personalizados\"><\/span><strong>Crie produtos personalizados<\/strong><span class=\"ez-toc-section-end\"><\/span><\/h3>\n\n\n\n<p>Existem diversos tipos de m\u00e3es, e a partir de sua pesquisa de mercado, \u00e9 poss\u00edvel criar produtos personalizados e \u00fanicos.&nbsp;<\/p>\n\n\n\n<p>Assim, voc\u00ea deve ter sempre em mente que a personaliza\u00e7\u00e3o \u00e9 a chave para agradar e fidelizar seu cliente.&nbsp;<\/p>\n\n\n\n<p>Essa estrat\u00e9gia tamb\u00e9m agregar\u00e1 valor \u00e0 sua marca, criando uma conex\u00e3o emocional com sua clientela.<\/p>\n\n\n\n<h3 class=\"wp-block-heading\"><span class=\"ez-toc-section\" id=\"Invista_em_experiencias_memoraveis\"><\/span><strong>Invista em experi\u00eancias memor\u00e1veis<\/strong><span class=\"ez-toc-section-end\"><\/span><\/h3>\n\n\n\n<p>Al\u00e9m de produtos, ofere\u00e7a experi\u00eancias memor\u00e1veis para as m\u00e3es. Isso pode incluir servi\u00e7os especiais, como spa day, sess\u00f5es de fotos em fam\u00edlia ou workshops de para desenvolvimento pessoal e profissional.&nbsp;<\/p>\n\n\n\n<p>Essas experi\u00eancias n\u00e3o apenas geram vendas adicionais, mas tamb\u00e9m fortalecem o relacionamento com os clientes.<\/p>\n\n\n\n<h3 class=\"wp-block-heading\"><span class=\"ez-toc-section\" id=\"Otimize_sua_presenca_online\"><\/span><strong>Otimize sua presen\u00e7a online<\/strong><span class=\"ez-toc-section-end\"><\/span><\/h3>\n\n\n\n<p>\u00c9 preciso certificar-se de que sua presen\u00e7a online esteja otimizada para o Dia das M\u00e3es.&nbsp;<\/p>\n\n\n\n<p>Por isso, atualize seu site com uma se\u00e7\u00e3o dedicada a data, destacando seus produtos e promo\u00e7\u00f5es especiais.<\/p>\n\n\n\n<p>Al\u00e9m disso, esteja presente nas redes sociais, compartilhando conte\u00fado relevante e interagindo com seus seguidores.<\/p>\n\n\n\n<h3 class=\"wp-block-heading\"><span class=\"ez-toc-section\" id=\"Faca_parcerias_estrategicas\"><\/span><strong>Fa\u00e7a parcerias estrat\u00e9gicas<\/strong><span class=\"ez-toc-section-end\"><\/span><\/h3>\n\n\n\n<p>Considere fazer parcerias estrat\u00e9gicas com influencers e blogueiros para ampliar sua exposi\u00e7\u00e3o e alcance durante o Dia das M\u00e3es.&nbsp;<\/p>\n\n\n\n<p>No entanto, \u00e9 preciso alinhar o objetivo do seu neg\u00f3cio com o nicho dos influencers que sua campanha trabalhar\u00e1.&nbsp;<\/p>\n\n\n\n<p>N\u00e3o adianta nada voc\u00ea divulgar seus produtos e servi\u00e7os para o p\u00fablico que n\u00e3o \u00e9 adequado para sua empresa.&nbsp;<\/p>\n\n\n\n<h3 class=\"wp-block-heading\"><span class=\"ez-toc-section\" id=\"Ofereca_diversas_opcoes_de_entrega\"><\/span><strong>Ofere\u00e7a diversas op\u00e7\u00f5es de entrega&nbsp;<\/strong><span class=\"ez-toc-section-end\"><\/span><\/h3>\n\n\n\n<p>Muitas vendas s\u00e3o facilitadas com entregas facilitadas e flex\u00edveis. Dessa forma, que tal oferecer v\u00e1rias op\u00e7\u00f5es para o seu cliente?<\/p>\n\n\n\n<p>Al\u00e9m da entrega residencial, considere a possibilidade de oferecer cupons de frete gr\u00e1tis ou at\u00e9 mesmo retirada gratuita em sua loja f\u00edsica.&nbsp;<\/p>\n\n\n\n<p>Outro fator importante a se atentar s\u00e3o para os pedidos serem entregues a tempo para o Dia das M\u00e3es.&nbsp;&nbsp;<\/p>\n\n\n\n<h3 class=\"wp-block-heading\"><span class=\"ez-toc-section\" id=\"Pos-venda_e_feedback\"><\/span><strong>P\u00f3s-venda e feedback<\/strong><span class=\"ez-toc-section-end\"><\/span><\/h3>\n\n\n\n<p>Se voc\u00ea acha que o ciclo de venda acabou ap\u00f3s o cliente efetuar o pagamento, voc\u00ea est\u00e1 totalmente errado.&nbsp;<\/p>\n\n\n\n<p>Assim, acompanhar o cliente no p\u00f3s-venda \u00e9 outro passo importante para fideliz\u00e1-lo e faz\u00ea-lo voltar a comprar novamente.\u00a0<\/p>\n\n\n\n<p>Portanto, envie e-mails de agradecimento aos clientes ap\u00f3s o Dia das M\u00e3es, ofere\u00e7a cupons de desconto para futuras compras, assim como solicite feedback para melhorar suas estrat\u00e9gias para as pr\u00f3ximas vendas.\u00a0<\/p>\n\n\n\n<p>Se voc\u00ea quer vender mais, \u00e9 preciso tamb\u00e9m ter uma boa internet para sua opera\u00e7\u00e3o. <a href=\"https:\/\/www.brisanet.com.br\/empresas\">Ent\u00e3o conhe\u00e7a as solu\u00e7\u00f5es da Brisanet Empresas para o seu neg\u00f3cio<\/a>.<\/p>\n","protected":false},"excerpt":{"rendered":"<p>O m\u00eas de maio chegou e com ele o Dia das M\u00e3es se aproxima. A data comemorativa \u00e9 a segunda mais importante para o com\u00e9rcio, perdendo apenas para o Natal.&nbsp; Assim, as Pequenas e M\u00e9dias Empresas (PMEs) precisam estar prontas para atender a grande demanda que essa data t\u00e3o especial proporciona.&nbsp; Neste blog, voc\u00ea saber\u00e1 [&hellip;]<\/p>\n","protected":false},"author":3,"featured_media":617,"comment_status":"open","ping_status":"open","sticky":false,"template":"","format":"standard","meta":{"om_disable_all_campaigns":false,"footnotes":""},"categories":[19,21,23],"tags":[],"class_list":["post-613","post","type-post","status-publish","format-standard","has-post-thumbnail","hentry","category-negocios","category-para-empresas-e-governos","category-pmes"],"yoast_head":"<!-- This site is optimized with the Yoast SEO plugin v24.5 - https:\/\/yoast.com\/wordpress\/plugins\/seo\/ -->\n<title>Como as PMEs podem vender mais no Dia das M\u00e3es - Blog Brisanet<\/title>\n<meta name=\"description\" content=\"Saiba estrat\u00e9gias s\u00f3lidas de mercado de como as PMEs podem vender mais no Dia das M\u00e3es. Confira no Brisablog.\" \/>\n<meta name=\"robots\" content=\"index, follow, max-snippet:-1, max-image-preview:large, max-video-preview:-1\" \/>\n<link rel=\"canonical\" href=\"https:\/\/www.brisanet.com.br\/blog\/como-as-pmes-podem-vender-mais-no-dia-das-maes\/\" \/>\n<meta property=\"og:locale\" content=\"pt_BR\" \/>\n<meta property=\"og:type\" content=\"article\" \/>\n<meta property=\"og:title\" content=\"Como as PMEs podem vender mais no Dia das M\u00e3es - Blog Brisanet\" \/>\n<meta property=\"og:description\" content=\"Saiba estrat\u00e9gias s\u00f3lidas de mercado de como as PMEs podem vender mais no Dia das M\u00e3es. Confira no Brisablog.\" \/>\n<meta property=\"og:url\" content=\"https:\/\/www.brisanet.com.br\/blog\/como-as-pmes-podem-vender-mais-no-dia-das-maes\/\" \/>\n<meta property=\"og:site_name\" content=\"Blog Brisanet\" \/>\n<meta property=\"article:publisher\" content=\"https:\/\/www.facebook.com\/brisanet\/\" \/>\n<meta property=\"article:published_time\" content=\"2024-05-07T12:06:05+00:00\" \/>\n<meta property=\"article:modified_time\" content=\"2025-03-31T18:34:18+00:00\" \/>\n<meta property=\"og:image\" content=\"https:\/\/www.brisanet.com.br\/blog\/wp-content\/uploads\/2024\/05\/Como-as-PMEs-podem-vender-mais-no-Dia-das-Maes-scaled-1.jpg\" \/>\n\t<meta property=\"og:image:width\" content=\"2560\" \/>\n\t<meta property=\"og:image:height\" content=\"1707\" \/>\n\t<meta property=\"og:image:type\" content=\"image\/jpeg\" \/>\n<meta name=\"author\" content=\"\u00cdtalo Alves\" \/>\n<meta name=\"twitter:card\" content=\"summary_large_image\" \/>\n<meta name=\"twitter:label1\" content=\"Escrito por\" \/>\n\t<meta name=\"twitter:data1\" content=\"\u00cdtalo Alves\" \/>\n\t<meta name=\"twitter:label2\" content=\"Est. tempo de leitura\" \/>\n\t<meta name=\"twitter:data2\" content=\"5 minutos\" \/>\n<script type=\"application\/ld+json\" class=\"yoast-schema-graph\">{\"@context\":\"https:\/\/schema.org\",\"@graph\":[{\"@type\":\"Article\",\"@id\":\"https:\/\/www.brisanet.com.br\/blog\/como-as-pmes-podem-vender-mais-no-dia-das-maes\/#article\",\"isPartOf\":{\"@id\":\"https:\/\/www.brisanet.com.br\/blog\/como-as-pmes-podem-vender-mais-no-dia-das-maes\/\"},\"author\":{\"name\":\"\u00cdtalo Alves\",\"@id\":\"https:\/\/www.brisanet.com.br\/blog\/#\/schema\/person\/6afefce424f53e0563479e83a8cf8d99\"},\"headline\":\"Como as PMEs podem vender mais no Dia das M\u00e3es\",\"datePublished\":\"2024-05-07T12:06:05+00:00\",\"dateModified\":\"2025-03-31T18:34:18+00:00\",\"mainEntityOfPage\":{\"@id\":\"https:\/\/www.brisanet.com.br\/blog\/como-as-pmes-podem-vender-mais-no-dia-das-maes\/\"},\"wordCount\":960,\"commentCount\":0,\"publisher\":{\"@id\":\"https:\/\/www.brisanet.com.br\/blog\/#organization\"},\"image\":{\"@id\":\"https:\/\/www.brisanet.com.br\/blog\/como-as-pmes-podem-vender-mais-no-dia-das-maes\/#primaryimage\"},\"thumbnailUrl\":\"https:\/\/www.brisanet.com.br\/blog\/wp-content\/uploads\/2024\/05\/Como-as-PMEs-podem-vender-mais-no-Dia-das-Maes-scaled-1.jpg\",\"articleSection\":[\"Neg\u00f3cios\",\"Para empresas e governos\",\"PMEs\"],\"inLanguage\":\"pt-BR\",\"potentialAction\":[{\"@type\":\"CommentAction\",\"name\":\"Comment\",\"target\":[\"https:\/\/www.brisanet.com.br\/blog\/como-as-pmes-podem-vender-mais-no-dia-das-maes\/#respond\"]}]},{\"@type\":\"WebPage\",\"@id\":\"https:\/\/www.brisanet.com.br\/blog\/como-as-pmes-podem-vender-mais-no-dia-das-maes\/\",\"url\":\"https:\/\/www.brisanet.com.br\/blog\/como-as-pmes-podem-vender-mais-no-dia-das-maes\/\",\"name\":\"Como as PMEs podem vender mais no Dia das M\u00e3es - Blog Brisanet\",\"isPartOf\":{\"@id\":\"https:\/\/www.brisanet.com.br\/blog\/#website\"},\"primaryImageOfPage\":{\"@id\":\"https:\/\/www.brisanet.com.br\/blog\/como-as-pmes-podem-vender-mais-no-dia-das-maes\/#primaryimage\"},\"image\":{\"@id\":\"https:\/\/www.brisanet.com.br\/blog\/como-as-pmes-podem-vender-mais-no-dia-das-maes\/#primaryimage\"},\"thumbnailUrl\":\"https:\/\/www.brisanet.com.br\/blog\/wp-content\/uploads\/2024\/05\/Como-as-PMEs-podem-vender-mais-no-Dia-das-Maes-scaled-1.jpg\",\"datePublished\":\"2024-05-07T12:06:05+00:00\",\"dateModified\":\"2025-03-31T18:34:18+00:00\",\"description\":\"Saiba estrat\u00e9gias s\u00f3lidas de mercado de como as PMEs podem vender mais no Dia das M\u00e3es. Confira no Brisablog.\",\"breadcrumb\":{\"@id\":\"https:\/\/www.brisanet.com.br\/blog\/como-as-pmes-podem-vender-mais-no-dia-das-maes\/#breadcrumb\"},\"inLanguage\":\"pt-BR\",\"potentialAction\":[{\"@type\":\"ReadAction\",\"target\":[\"https:\/\/www.brisanet.com.br\/blog\/como-as-pmes-podem-vender-mais-no-dia-das-maes\/\"]}]},{\"@type\":\"ImageObject\",\"inLanguage\":\"pt-BR\",\"@id\":\"https:\/\/www.brisanet.com.br\/blog\/como-as-pmes-podem-vender-mais-no-dia-das-maes\/#primaryimage\",\"url\":\"https:\/\/www.brisanet.com.br\/blog\/wp-content\/uploads\/2024\/05\/Como-as-PMEs-podem-vender-mais-no-Dia-das-Maes-scaled-1.jpg\",\"contentUrl\":\"https:\/\/www.brisanet.com.br\/blog\/wp-content\/uploads\/2024\/05\/Como-as-PMEs-podem-vender-mais-no-Dia-das-Maes-scaled-1.jpg\",\"width\":2560,\"height\":1707,\"caption\":\"Como as PMEs podem vender mais no Dia das M\u00e3es\"},{\"@type\":\"BreadcrumbList\",\"@id\":\"https:\/\/www.brisanet.com.br\/blog\/como-as-pmes-podem-vender-mais-no-dia-das-maes\/#breadcrumb\",\"itemListElement\":[{\"@type\":\"ListItem\",\"position\":1,\"name\":\"In\u00edcio\",\"item\":\"https:\/\/www.brisanet.com.br\/blog\/\"},{\"@type\":\"ListItem\",\"position\":2,\"name\":\"Como as PMEs podem vender mais no Dia das M\u00e3es\"}]},{\"@type\":\"WebSite\",\"@id\":\"https:\/\/www.brisanet.com.br\/blog\/#website\",\"url\":\"https:\/\/www.brisanet.com.br\/blog\/\",\"name\":\"Blog da Brisanet\",\"description\":\"Levando o mundo at\u00e9 voc\u00ea\",\"publisher\":{\"@id\":\"https:\/\/www.brisanet.com.br\/blog\/#organization\"},\"potentialAction\":[{\"@type\":\"SearchAction\",\"target\":{\"@type\":\"EntryPoint\",\"urlTemplate\":\"https:\/\/www.brisanet.com.br\/blog\/?s={search_term_string}\"},\"query-input\":{\"@type\":\"PropertyValueSpecification\",\"valueRequired\":true,\"valueName\":\"search_term_string\"}}],\"inLanguage\":\"pt-BR\"},{\"@type\":\"Organization\",\"@id\":\"https:\/\/www.brisanet.com.br\/blog\/#organization\",\"name\":\"Brisanet\",\"url\":\"https:\/\/www.brisanet.com.br\/blog\/\",\"logo\":{\"@type\":\"ImageObject\",\"inLanguage\":\"pt-BR\",\"@id\":\"https:\/\/www.brisanet.com.br\/blog\/#\/schema\/logo\/image\/\",\"url\":\"https:\/\/www.brisanet.com.br\/blog\/wp-content\/uploads\/2023\/11\/logo-blog-brisanet-1.png\",\"contentUrl\":\"https:\/\/www.brisanet.com.br\/blog\/wp-content\/uploads\/2023\/11\/logo-blog-brisanet-1.png\",\"width\":163,\"height\":42,\"caption\":\"Brisanet\"},\"image\":{\"@id\":\"https:\/\/www.brisanet.com.br\/blog\/#\/schema\/logo\/image\/\"},\"sameAs\":[\"https:\/\/www.facebook.com\/brisanet\/\"]},{\"@type\":\"Person\",\"@id\":\"https:\/\/www.brisanet.com.br\/blog\/#\/schema\/person\/6afefce424f53e0563479e83a8cf8d99\",\"name\":\"\u00cdtalo Alves\",\"image\":{\"@type\":\"ImageObject\",\"inLanguage\":\"pt-BR\",\"@id\":\"https:\/\/www.brisanet.com.br\/blog\/#\/schema\/person\/image\/\",\"url\":\"https:\/\/secure.gravatar.com\/avatar\/aaab6ff774fc31943d55b8abc96bf2cea77d29b11d0e1d69a197257df18fff30?s=96&d=mm&r=g\",\"contentUrl\":\"https:\/\/secure.gravatar.com\/avatar\/aaab6ff774fc31943d55b8abc96bf2cea77d29b11d0e1d69a197257df18fff30?s=96&d=mm&r=g\",\"caption\":\"\u00cdtalo Alves\"},\"url\":\"https:\/\/www.brisanet.com.br\/blog\/author\/italo-alves\/\"}]}<\/script>\n<!-- \/ Yoast SEO plugin. -->","yoast_head_json":{"title":"Como as PMEs podem vender mais no Dia das M\u00e3es - Blog Brisanet","description":"Saiba estrat\u00e9gias s\u00f3lidas de mercado de como as PMEs podem vender mais no Dia das M\u00e3es. Confira no Brisablog.","robots":{"index":"index","follow":"follow","max-snippet":"max-snippet:-1","max-image-preview":"max-image-preview:large","max-video-preview":"max-video-preview:-1"},"canonical":"https:\/\/www.brisanet.com.br\/blog\/como-as-pmes-podem-vender-mais-no-dia-das-maes\/","og_locale":"pt_BR","og_type":"article","og_title":"Como as PMEs podem vender mais no Dia das M\u00e3es - Blog Brisanet","og_description":"Saiba estrat\u00e9gias s\u00f3lidas de mercado de como as PMEs podem vender mais no Dia das M\u00e3es. Confira no Brisablog.","og_url":"https:\/\/www.brisanet.com.br\/blog\/como-as-pmes-podem-vender-mais-no-dia-das-maes\/","og_site_name":"Blog Brisanet","article_publisher":"https:\/\/www.facebook.com\/brisanet\/","article_published_time":"2024-05-07T12:06:05+00:00","article_modified_time":"2025-03-31T18:34:18+00:00","og_image":[{"width":2560,"height":1707,"url":"https:\/\/www.brisanet.com.br\/blog\/wp-content\/uploads\/2024\/05\/Como-as-PMEs-podem-vender-mais-no-Dia-das-Maes-scaled-1.jpg","type":"image\/jpeg"}],"author":"\u00cdtalo Alves","twitter_card":"summary_large_image","twitter_misc":{"Escrito por":"\u00cdtalo Alves","Est. tempo de leitura":"5 minutos"},"schema":{"@context":"https:\/\/schema.org","@graph":[{"@type":"Article","@id":"https:\/\/www.brisanet.com.br\/blog\/como-as-pmes-podem-vender-mais-no-dia-das-maes\/#article","isPartOf":{"@id":"https:\/\/www.brisanet.com.br\/blog\/como-as-pmes-podem-vender-mais-no-dia-das-maes\/"},"author":{"name":"\u00cdtalo Alves","@id":"https:\/\/www.brisanet.com.br\/blog\/#\/schema\/person\/6afefce424f53e0563479e83a8cf8d99"},"headline":"Como as PMEs podem vender mais no Dia das M\u00e3es","datePublished":"2024-05-07T12:06:05+00:00","dateModified":"2025-03-31T18:34:18+00:00","mainEntityOfPage":{"@id":"https:\/\/www.brisanet.com.br\/blog\/como-as-pmes-podem-vender-mais-no-dia-das-maes\/"},"wordCount":960,"commentCount":0,"publisher":{"@id":"https:\/\/www.brisanet.com.br\/blog\/#organization"},"image":{"@id":"https:\/\/www.brisanet.com.br\/blog\/como-as-pmes-podem-vender-mais-no-dia-das-maes\/#primaryimage"},"thumbnailUrl":"https:\/\/www.brisanet.com.br\/blog\/wp-content\/uploads\/2024\/05\/Como-as-PMEs-podem-vender-mais-no-Dia-das-Maes-scaled-1.jpg","articleSection":["Neg\u00f3cios","Para empresas e governos","PMEs"],"inLanguage":"pt-BR","potentialAction":[{"@type":"CommentAction","name":"Comment","target":["https:\/\/www.brisanet.com.br\/blog\/como-as-pmes-podem-vender-mais-no-dia-das-maes\/#respond"]}]},{"@type":"WebPage","@id":"https:\/\/www.brisanet.com.br\/blog\/como-as-pmes-podem-vender-mais-no-dia-das-maes\/","url":"https:\/\/www.brisanet.com.br\/blog\/como-as-pmes-podem-vender-mais-no-dia-das-maes\/","name":"Como as PMEs podem vender mais no Dia das M\u00e3es - Blog Brisanet","isPartOf":{"@id":"https:\/\/www.brisanet.com.br\/blog\/#website"},"primaryImageOfPage":{"@id":"https:\/\/www.brisanet.com.br\/blog\/como-as-pmes-podem-vender-mais-no-dia-das-maes\/#primaryimage"},"image":{"@id":"https:\/\/www.brisanet.com.br\/blog\/como-as-pmes-podem-vender-mais-no-dia-das-maes\/#primaryimage"},"thumbnailUrl":"https:\/\/www.brisanet.com.br\/blog\/wp-content\/uploads\/2024\/05\/Como-as-PMEs-podem-vender-mais-no-Dia-das-Maes-scaled-1.jpg","datePublished":"2024-05-07T12:06:05+00:00","dateModified":"2025-03-31T18:34:18+00:00","description":"Saiba estrat\u00e9gias s\u00f3lidas de mercado de como as PMEs podem vender mais no Dia das M\u00e3es. Confira no Brisablog.","breadcrumb":{"@id":"https:\/\/www.brisanet.com.br\/blog\/como-as-pmes-podem-vender-mais-no-dia-das-maes\/#breadcrumb"},"inLanguage":"pt-BR","potentialAction":[{"@type":"ReadAction","target":["https:\/\/www.brisanet.com.br\/blog\/como-as-pmes-podem-vender-mais-no-dia-das-maes\/"]}]},{"@type":"ImageObject","inLanguage":"pt-BR","@id":"https:\/\/www.brisanet.com.br\/blog\/como-as-pmes-podem-vender-mais-no-dia-das-maes\/#primaryimage","url":"https:\/\/www.brisanet.com.br\/blog\/wp-content\/uploads\/2024\/05\/Como-as-PMEs-podem-vender-mais-no-Dia-das-Maes-scaled-1.jpg","contentUrl":"https:\/\/www.brisanet.com.br\/blog\/wp-content\/uploads\/2024\/05\/Como-as-PMEs-podem-vender-mais-no-Dia-das-Maes-scaled-1.jpg","width":2560,"height":1707,"caption":"Como as PMEs podem vender mais no Dia das M\u00e3es"},{"@type":"BreadcrumbList","@id":"https:\/\/www.brisanet.com.br\/blog\/como-as-pmes-podem-vender-mais-no-dia-das-maes\/#breadcrumb","itemListElement":[{"@type":"ListItem","position":1,"name":"In\u00edcio","item":"https:\/\/www.brisanet.com.br\/blog\/"},{"@type":"ListItem","position":2,"name":"Como as PMEs podem vender mais no Dia das M\u00e3es"}]},{"@type":"WebSite","@id":"https:\/\/www.brisanet.com.br\/blog\/#website","url":"https:\/\/www.brisanet.com.br\/blog\/","name":"Blog da Brisanet","description":"Levando o mundo at\u00e9 voc\u00ea","publisher":{"@id":"https:\/\/www.brisanet.com.br\/blog\/#organization"},"potentialAction":[{"@type":"SearchAction","target":{"@type":"EntryPoint","urlTemplate":"https:\/\/www.brisanet.com.br\/blog\/?s={search_term_string}"},"query-input":{"@type":"PropertyValueSpecification","valueRequired":true,"valueName":"search_term_string"}}],"inLanguage":"pt-BR"},{"@type":"Organization","@id":"https:\/\/www.brisanet.com.br\/blog\/#organization","name":"Brisanet","url":"https:\/\/www.brisanet.com.br\/blog\/","logo":{"@type":"ImageObject","inLanguage":"pt-BR","@id":"https:\/\/www.brisanet.com.br\/blog\/#\/schema\/logo\/image\/","url":"https:\/\/www.brisanet.com.br\/blog\/wp-content\/uploads\/2023\/11\/logo-blog-brisanet-1.png","contentUrl":"https:\/\/www.brisanet.com.br\/blog\/wp-content\/uploads\/2023\/11\/logo-blog-brisanet-1.png","width":163,"height":42,"caption":"Brisanet"},"image":{"@id":"https:\/\/www.brisanet.com.br\/blog\/#\/schema\/logo\/image\/"},"sameAs":["https:\/\/www.facebook.com\/brisanet\/"]},{"@type":"Person","@id":"https:\/\/www.brisanet.com.br\/blog\/#\/schema\/person\/6afefce424f53e0563479e83a8cf8d99","name":"\u00cdtalo Alves","image":{"@type":"ImageObject","inLanguage":"pt-BR","@id":"https:\/\/www.brisanet.com.br\/blog\/#\/schema\/person\/image\/","url":"https:\/\/secure.gravatar.com\/avatar\/aaab6ff774fc31943d55b8abc96bf2cea77d29b11d0e1d69a197257df18fff30?s=96&d=mm&r=g","contentUrl":"https:\/\/secure.gravatar.com\/avatar\/aaab6ff774fc31943d55b8abc96bf2cea77d29b11d0e1d69a197257df18fff30?s=96&d=mm&r=g","caption":"\u00cdtalo Alves"},"url":"https:\/\/www.brisanet.com.br\/blog\/author\/italo-alves\/"}]}},"_links":{"self":[{"href":"https:\/\/www.brisanet.com.br\/blog\/wp-json\/wp\/v2\/posts\/613","targetHints":{"allow":["GET"]}}],"collection":[{"href":"https:\/\/www.brisanet.com.br\/blog\/wp-json\/wp\/v2\/posts"}],"about":[{"href":"https:\/\/www.brisanet.com.br\/blog\/wp-json\/wp\/v2\/types\/post"}],"author":[{"embeddable":true,"href":"https:\/\/www.brisanet.com.br\/blog\/wp-json\/wp\/v2\/users\/3"}],"replies":[{"embeddable":true,"href":"https:\/\/www.brisanet.com.br\/blog\/wp-json\/wp\/v2\/comments?post=613"}],"version-history":[{"count":1,"href":"https:\/\/www.brisanet.com.br\/blog\/wp-json\/wp\/v2\/posts\/613\/revisions"}],"predecessor-version":[{"id":1263,"href":"https:\/\/www.brisanet.com.br\/blog\/wp-json\/wp\/v2\/posts\/613\/revisions\/1263"}],"wp:featuredmedia":[{"embeddable":true,"href":"https:\/\/www.brisanet.com.br\/blog\/wp-json\/wp\/v2\/media\/617"}],"wp:attachment":[{"href":"https:\/\/www.brisanet.com.br\/blog\/wp-json\/wp\/v2\/media?parent=613"}],"wp:term":[{"taxonomy":"category","embeddable":true,"href":"https:\/\/www.brisanet.com.br\/blog\/wp-json\/wp\/v2\/categories?post=613"},{"taxonomy":"post_tag","embeddable":true,"href":"https:\/\/www.brisanet.com.br\/blog\/wp-json\/wp\/v2\/tags?post=613"}],"curies":[{"name":"wp","href":"https:\/\/api.w.org\/{rel}","templated":true}]}}