{"id":686,"date":"2024-05-23T09:18:24","date_gmt":"2024-05-23T12:18:24","guid":{"rendered":"https:\/\/blog.brisanet.com.br\/?p=686"},"modified":"2025-03-31T15:34:17","modified_gmt":"2025-03-31T18:34:17","slug":"9-mitos-do-5g-que-ja-foram-esclarecidos","status":"publish","type":"post","link":"https:\/\/www.brisanet.com.br\/blog\/9-mitos-do-5g-que-ja-foram-esclarecidos\/","title":{"rendered":"9 mitos do 5G que j\u00e1 foram esclarecidos"},"content":{"rendered":"\n<p>A internet nos proporciona v\u00e1rias informa\u00e7\u00f5es \u00fateis para as nossas vidas. No entanto, ainda h\u00e1 muita propaga\u00e7\u00e3o de desinforma\u00e7\u00e3o que as pessoas acreditam como verdade.<\/p>\n\n\n\n<p>Uma dessas inverdades \u00e9 em rela\u00e7\u00e3o ao 5G ou quinta gera\u00e7\u00e3o de redes m\u00f3veis. Desde sua cria\u00e7\u00e3o, a tecnologia sofreu v\u00e1rias acusa\u00e7\u00f5es que j\u00e1 se provaram ser mito ou simplesmente fakes news.<\/p>\n\n\n\n<p>Neste blog, voc\u00ea ir\u00e1 descobrir 9 mitos sobre o 5G que j\u00e1 foram desmentidos. Confira:<\/p>\n\n\n\n<div id=\"ez-toc-container\" class=\"ez-toc-v2_0_72 counter-hierarchy ez-toc-counter ez-toc-custom ez-toc-container-direction\">\n<div class=\"ez-toc-title-container\">\n<p class=\"ez-toc-title\" style=\"cursor:inherit\">O que voc\u00ea ver\u00e1 nesse conte\u00fado:<\/p>\n<span class=\"ez-toc-title-toggle\"><a href=\"#\" class=\"ez-toc-pull-right ez-toc-btn ez-toc-btn-xs ez-toc-btn-default ez-toc-toggle\" aria-label=\"Toggle Table of Content\"><span class=\"ez-toc-js-icon-con\"><span class=\"\"><span class=\"eztoc-hide\" style=\"display:none;\">Toggle<\/span><span class=\"ez-toc-icon-toggle-span\"><svg style=\"fill: #999;color:#999\" xmlns=\"http:\/\/www.w3.org\/2000\/svg\" class=\"list-377408\" width=\"20px\" height=\"20px\" viewBox=\"0 0 24 24\" fill=\"none\"><path d=\"M6 6H4v2h2V6zm14 0H8v2h12V6zM4 11h2v2H4v-2zm16 0H8v2h12v-2zM4 16h2v2H4v-2zm16 0H8v2h12v-2z\" fill=\"currentColor\"><\/path><\/svg><svg style=\"fill: #999;color:#999\" class=\"arrow-unsorted-368013\" xmlns=\"http:\/\/www.w3.org\/2000\/svg\" width=\"10px\" height=\"10px\" viewBox=\"0 0 24 24\" version=\"1.2\" baseProfile=\"tiny\"><path d=\"M18.2 9.3l-6.2-6.3-6.2 6.3c-.2.2-.3.4-.3.7s.1.5.3.7c.2.2.4.3.7.3h11c.3 0 .5-.1.7-.3.2-.2.3-.5.3-.7s-.1-.5-.3-.7zM5.8 14.7l6.2 6.3 6.2-6.3c.2-.2.3-.5.3-.7s-.1-.5-.3-.7c-.2-.2-.4-.3-.7-.3h-11c-.3 0-.5.1-.7.3-.2.2-.3.5-.3.7s.1.5.3.7z\"\/><\/svg><\/span><\/span><\/span><\/a><\/span><\/div>\n<nav><ul class='ez-toc-list ez-toc-list-level-1 ' ><li class='ez-toc-page-1 ez-toc-heading-level-2'><a class=\"ez-toc-link ez-toc-heading-1\" href=\"https:\/\/www.brisanet.com.br\/blog\/9-mitos-do-5g-que-ja-foram-esclarecidos\/#Confira_os_principais_mitos_do_5G_que_ja_foram_esclarecidos\" title=\"Confira os principais mitos do 5G que j\u00e1 foram esclarecidos\">Confira os principais mitos do 5G que j\u00e1 foram esclarecidos<\/a><ul class='ez-toc-list-level-3' ><li class='ez-toc-heading-level-3'><a class=\"ez-toc-link ez-toc-heading-2\" href=\"https:\/\/www.brisanet.com.br\/blog\/9-mitos-do-5g-que-ja-foram-esclarecidos\/#Mito_1_O_5G_causa_cancer_e_outros_problemas_de_saude\" title=\"Mito 1: O 5G causa c\u00e2ncer e outros problemas de sa\u00fade\">Mito 1: O 5G causa c\u00e2ncer e outros problemas de sa\u00fade<\/a><\/li><li class='ez-toc-page-1 ez-toc-heading-level-3'><a class=\"ez-toc-link ez-toc-heading-3\" href=\"https:\/\/www.brisanet.com.br\/blog\/9-mitos-do-5g-que-ja-foram-esclarecidos\/#Mito_2_O_5G_e_uma_arma_de_controle_populacional\" title=\"Mito 2: O 5G \u00e9 uma arma de controle populacional\">Mito 2: O 5G \u00e9 uma arma de controle populacional<\/a><\/li><li class='ez-toc-page-1 ez-toc-heading-level-3'><a class=\"ez-toc-link ez-toc-heading-4\" href=\"https:\/\/www.brisanet.com.br\/blog\/9-mitos-do-5g-que-ja-foram-esclarecidos\/#Mito_3_O_5G_e_responsavel_pela_propagacao_da_COVID-19\" title=\"Mito 3: O 5G \u00e9 respons\u00e1vel pela propaga\u00e7\u00e3o da COVID-19\">Mito 3: O 5G \u00e9 respons\u00e1vel pela propaga\u00e7\u00e3o da COVID-19<\/a><\/li><li class='ez-toc-page-1 ez-toc-heading-level-3'><a class=\"ez-toc-link ez-toc-heading-5\" href=\"https:\/\/www.brisanet.com.br\/blog\/9-mitos-do-5g-que-ja-foram-esclarecidos\/#Mito_4_O_5G_vai_substituir_todas_as_tecnologias_de_comunicacao_existentes\" title=\"Mito 4: O 5G vai substituir todas as tecnologias de comunica\u00e7\u00e3o existentes\">Mito 4: O 5G vai substituir todas as tecnologias de comunica\u00e7\u00e3o existentes<\/a><\/li><li class='ez-toc-page-1 ez-toc-heading-level-3'><a class=\"ez-toc-link ez-toc-heading-6\" href=\"https:\/\/www.brisanet.com.br\/blog\/9-mitos-do-5g-que-ja-foram-esclarecidos\/#Mito_5_O_5G_vai_prejudicar_o_meio_ambiente\" title=\"Mito 5: O 5G vai prejudicar o meio ambiente\">Mito 5: O 5G vai prejudicar o meio ambiente<\/a><\/li><li class='ez-toc-page-1 ez-toc-heading-level-3'><a class=\"ez-toc-link ez-toc-heading-7\" href=\"https:\/\/www.brisanet.com.br\/blog\/9-mitos-do-5g-que-ja-foram-esclarecidos\/#Mito_6_O_5G_e_uma_forma_de_vigilancia_em_massa\" title=\"Mito 6: O 5G \u00e9 uma forma de vigil\u00e2ncia em massa\">Mito 6: O 5G \u00e9 uma forma de vigil\u00e2ncia em massa<\/a><\/li><li class='ez-toc-page-1 ez-toc-heading-level-3'><a class=\"ez-toc-link ez-toc-heading-8\" href=\"https:\/\/www.brisanet.com.br\/blog\/9-mitos-do-5g-que-ja-foram-esclarecidos\/#Mito_7_O_5G_e_responsavel_pela_morte_de_passaros_e_insetos\" title=\"Mito 7: O 5G \u00e9 respons\u00e1vel pela morte de p\u00e1ssaros e insetos\">Mito 7: O 5G \u00e9 respons\u00e1vel pela morte de p\u00e1ssaros e insetos<\/a><\/li><li class='ez-toc-page-1 ez-toc-heading-level-3'><a class=\"ez-toc-link ez-toc-heading-9\" href=\"https:\/\/www.brisanet.com.br\/blog\/9-mitos-do-5g-que-ja-foram-esclarecidos\/#Mito_8_O_5G_e_inseguro_e_vulneravel_a_ataques_ciberneticos\" title=\"Mito 8: O 5G \u00e9 inseguro e vulner\u00e1vel a ataques cibern\u00e9ticos\">Mito 8: O 5G \u00e9 inseguro e vulner\u00e1vel a ataques cibern\u00e9ticos<\/a><\/li><li class='ez-toc-page-1 ez-toc-heading-level-3'><a class=\"ez-toc-link ez-toc-heading-10\" href=\"https:\/\/www.brisanet.com.br\/blog\/9-mitos-do-5g-que-ja-foram-esclarecidos\/#Mito_9_O_5G_vai_tornar_as_pessoas_obsoletas\" title=\"Mito 9: O 5G vai tornar as pessoas obsoletas\">Mito 9: O 5G vai tornar as pessoas obsoletas<\/a><\/li><\/ul><\/li><\/ul><\/nav><\/div>\n<h2 class=\"wp-block-heading\"><span class=\"ez-toc-section\" id=\"Confira_os_principais_mitos_do_5G_que_ja_foram_esclarecidos\"><\/span><strong>Confira os principais mitos do 5G que j\u00e1 foram esclarecidos<\/strong><span class=\"ez-toc-section-end\"><\/span><\/h2>\n\n\n\n<p>Voc\u00ea j\u00e1 ouviu algum mito sobre o 5G? Abaixo, voc\u00ea confere os principais mitos que circulam na internet para repassar apenas informa\u00e7\u00f5es verdadeiras.&nbsp;<\/p>\n\n\n\n<h3 class=\"wp-block-heading\"><span class=\"ez-toc-section\" id=\"Mito_1_O_5G_causa_cancer_e_outros_problemas_de_saude\"><\/span><strong>Mito 1: O 5G causa c\u00e2ncer e outros problemas de sa\u00fade<\/strong><span class=\"ez-toc-section-end\"><\/span><\/h3>\n\n\n\n<p>Um dos mitos mais comuns sobre o <a href=\"https:\/\/blog.brisanet.com.br\/qual-a-importancia-do-5g-para-os-dispositivos-inteligentes-da-sua-casa\/\">5G <\/a>\u00e9 que ele causa c\u00e2ncer e outros problemas de sa\u00fade. No entanto, n\u00e3o h\u00e1 evid\u00eancias cient\u00edficas s\u00f3lidas que apoiem essa afirma\u00e7\u00e3o.\u00a0<\/p>\n\n\n\n<p>Organiza\u00e7\u00f5es de sa\u00fade como a Organiza\u00e7\u00e3o Mundial da Sa\u00fade (OMS) e a Comiss\u00e3o Internacional de Prote\u00e7\u00e3o contra Radia\u00e7\u00e3o N\u00e3o Ionizante (ICNIRP) realizaram extensas pesquisas sobre os efeitos do 5G.<\/p>\n\n\n\n<p>Dessa forma, essas institui\u00e7\u00f5es s\u00e9rias e renomadas conclu\u00edram que ele \u00e9 seguro para uso humano.<\/p>\n\n\n\n<h3 class=\"wp-block-heading\"><span class=\"ez-toc-section\" id=\"Mito_2_O_5G_e_uma_arma_de_controle_populacional\"><\/span><strong>Mito 2: O 5G \u00e9 uma arma de controle populacional<\/strong><span class=\"ez-toc-section-end\"><\/span><\/h3>\n\n\n\n<p>Outro mito do 5G popular surreal propagado nas redes \u00e9 que a tecnologia \u00e9 uma arma de controle populacional.&nbsp;<\/p>\n\n\n\n<p>Assim, ela foi projetada para manipular mentes e influenciar comportamentos.&nbsp;<\/p>\n\n\n\n<p>Obviamente, essa teoria da conspira\u00e7\u00e3o n\u00e3o tem base na realidade.&nbsp;<\/p>\n\n\n\n<ul class=\"wp-block-list\">\n<li>Confira tamb\u00e9m: <a href=\"https:\/\/blog.brisanet.com.br\/5g-o-que-e-e-quais-os-beneficios-para-o-seu-dia-a-dia\/\">O que \u00e9 e quais os benef\u00edcios do 5G para o seu dia a dia<\/a><\/li>\n<\/ul>\n\n\n\n<p>Isso porque o 5G \u00e9 simplesmente uma tecnologia de telecomunica\u00e7\u00e3o sem fio projetada para fornecer conex\u00f5es mais r\u00e1pidas e confi\u00e1veis.<\/p>\n\n\n\n<p>Sendo assim, ele n\u00e3o tem a capacidade de controlar mentes ou comportamentos humanos.<\/p>\n\n\n\n<h3 class=\"wp-block-heading\"><span class=\"ez-toc-section\" id=\"Mito_3_O_5G_e_responsavel_pela_propagacao_da_COVID-19\"><\/span><strong>Mito 3: O 5G \u00e9 respons\u00e1vel pela propaga\u00e7\u00e3o da COVID-19<\/strong><span class=\"ez-toc-section-end\"><\/span><\/h3>\n\n\n\n<p>Durante a pandemia da COVID-19, surgiram teorias da conspira\u00e7\u00e3o alegando que a quinta gera\u00e7\u00e3o de redes m\u00f3veis era respons\u00e1vel pela propaga\u00e7\u00e3o do v\u00edrus.&nbsp;<\/p>\n\n\n\n<p>Entretanto, a COVID-19 \u00e9 causada pelo v\u00edrus SARS-CoV-2. Este \u00e9 transmitido de pessoa para pessoa por meio de got\u00edculas respirat\u00f3rias, e n\u00e3o por tecnologia de comunica\u00e7\u00e3o sem fio.<\/p>\n\n\n\n<h3 class=\"wp-block-heading\"><span class=\"ez-toc-section\" id=\"Mito_4_O_5G_vai_substituir_todas_as_tecnologias_de_comunicacao_existentes\"><\/span><strong>Mito 4: O 5G vai substituir todas as tecnologias de comunica\u00e7\u00e3o existentes<\/strong><span class=\"ez-toc-section-end\"><\/span><\/h3>\n\n\n\n<p>Embora o 5G seja uma tecnologia de comunica\u00e7\u00e3o sem fio promissora, n\u00e3o est\u00e1 destinada a substituir todas as tecnologias de comunica\u00e7\u00e3o existentes.&nbsp;<\/p>\n\n\n\n<p>Muito pelo contr\u00e1rio, a tecnologia m\u00f3vel \u00e9 projetada para complementar e melhorar as tecnologias existentes.&nbsp;<\/p>\n\n\n\n<ul class=\"wp-block-list\">\n<li>Confira tamb\u00e9m: <a href=\"https:\/\/blog.brisanet.com.br\/qual-impacto-do-5g-no-streaming-jogos-e-realidade-virtual\/\" target=\"_blank\" rel=\"noreferrer noopener\">Como o 5G impactar\u00e1 o streaming, jogos e realidade virtual?<\/a><\/li>\n<\/ul>\n\n\n\n<p>Com isso, ela fornece conex\u00f5es mais r\u00e1pidas e confi\u00e1veis em \u00e1reas onde outras tecnologias podem n\u00e3o ser vi\u00e1veis.<\/p>\n\n\n\n<h3 class=\"wp-block-heading\"><span class=\"ez-toc-section\" id=\"Mito_5_O_5G_vai_prejudicar_o_meio_ambiente\"><\/span><strong>Mito 5: O 5G vai prejudicar o meio ambiente<\/strong><span class=\"ez-toc-section-end\"><\/span><\/h3>\n\n\n\n<p>Alguns cr\u00edticos afirmam que o <a href=\"https:\/\/blog.brisanet.com.br\/quais-as-vantagens-da-latencia-do-5g-para-os-jogos-online\/\" target=\"_blank\" rel=\"noreferrer noopener\">5G <\/a>vai prejudicar o meio ambiente devido \u00e0 necessidade de instala\u00e7\u00e3o de mais antenas e equipamentos.&nbsp;<\/p>\n\n\n\n<p>Contudo, especialistas j\u00e1 informaram que, ao tornar as comunica\u00e7\u00f5es mais eficientes, o 5G pode, na verdade, ajudar a reduzir o consumo de energia e as emiss\u00f5es de carbono.&nbsp;<\/p>\n\n\n\n<p>Al\u00e9m disso, as empresas de telecomunica\u00e7\u00f5es trabalham para garantir uma implanta\u00e7\u00e3o sustent\u00e1vel e respons\u00e1vel do 5G.<\/p>\n\n\n\n<h3 class=\"wp-block-heading\"><span class=\"ez-toc-section\" id=\"Mito_6_O_5G_e_uma_forma_de_vigilancia_em_massa\"><\/span><strong>Mito 6: O 5G \u00e9 uma forma de vigil\u00e2ncia em massa<\/strong><span class=\"ez-toc-section-end\"><\/span><\/h3>\n\n\n\n<p>Algumas pessoas acreditam que o 5G \u00e9 uma ferramenta para vigil\u00e2ncia em massa, permitindo que governos e empresas monitorem e rastreiem os movimentos dos cidad\u00e3os de forma invasiva.&nbsp;<\/p>\n\n\n\n<ul class=\"wp-block-list\">\n<li>Confira tamb\u00e9m: <a href=\"https:\/\/blog.brisanet.com.br\/internet-5g-e-wi-fi-5-ghz-qual-a-diferenca\/\" target=\"_blank\" rel=\"noreferrer noopener\">Internet 5G e Wi-Fi 5 GHz: qual a diferen\u00e7a?<\/a><\/li>\n<\/ul>\n\n\n\n<p>A alta velocidade do 5G pode aumentar a capacidade de coleta de dados, mas nenhuma empresa pode usar essas informa\u00e7\u00f5es para vigil\u00e2ncia em massa.<\/p>\n\n\n\n<p>Assim, a privacidade e a seguran\u00e7a dos dados continuam sendo preocupa\u00e7\u00f5es importantes para as empresas de telecomunica\u00e7\u00f5es.&nbsp;&nbsp;<\/p>\n\n\n\n<p>Com isso, medidas como a LGPD (Lei Geral de Prote\u00e7\u00e3o de Dados) est\u00e3o ativas para proteger os direitos e dados dos indiv\u00edduos.<\/p>\n\n\n\n<h3 class=\"wp-block-heading\"><span class=\"ez-toc-section\" id=\"Mito_7_O_5G_e_responsavel_pela_morte_de_passaros_e_insetos\"><\/span><strong>Mito 7: O 5G \u00e9 respons\u00e1vel pela morte de p\u00e1ssaros e insetos<\/strong><span class=\"ez-toc-section-end\"><\/span><\/h3>\n\n\n\n<p>Outro mito que ganhou popularidade \u00e9 que o 5G \u00e9 respons\u00e1vel pela morte de p\u00e1ssaros e insetos devido \u00e0 exposi\u00e7\u00e3o \u00e0 radia\u00e7\u00e3o das antenas.&nbsp;<\/p>\n\n\n\n<p>Entretanto, a Anatel, ag\u00eancia reguladora de telecomunica\u00e7\u00f5es no Brasil, j\u00e1 desmentiu essa fake news.*<\/p>\n\n\n\n<h3 class=\"wp-block-heading\"><span class=\"ez-toc-section\" id=\"Mito_8_O_5G_e_inseguro_e_vulneravel_a_ataques_ciberneticos\"><\/span><strong>Mito 8: O 5G \u00e9 inseguro e vulner\u00e1vel a ataques cibern\u00e9ticos<\/strong><span class=\"ez-toc-section-end\"><\/span><\/h3>\n\n\n\n<p>Outra desinforma\u00e7\u00e3o que circulou nas redes foi que 5G \u00e9 inseguro e vulner\u00e1vel a ataques cibern\u00e9ticos por rede sem fio e \u00e0 quantidade de dispositivos conectados.&nbsp;<\/p>\n\n\n\n<p>No entanto, as empresas de telecomunica\u00e7\u00f5es e os fabricantes de dispositivos trabalham cada vez mais para incluir medidas robustas de seguran\u00e7a para proteger as redes 5G contra ataques cibern\u00e9ticos.&nbsp;<\/p>\n\n\n\n<p>Al\u00e9m disso, os padr\u00f5es de seguran\u00e7a est\u00e3o sendo desenvolvidos e aprimorados, garantindo que o 5G seja uma tecnologia segura e confi\u00e1vel.<\/p>\n\n\n\n<h3 class=\"wp-block-heading\"><span class=\"ez-toc-section\" id=\"Mito_9_O_5G_vai_tornar_as_pessoas_obsoletas\"><\/span><strong>Mito 9: O 5G vai tornar as pessoas obsoletas<\/strong><span class=\"ez-toc-section-end\"><\/span><\/h3>\n\n\n\n<p>H\u00e1 quem acredite que o 5G vai levar \u00e0 automa\u00e7\u00e3o generalizada e ao desemprego em massa, tornando as pessoas obsoletas no mercado de trabalho.<\/p>\n\n\n\n<p>Essa informa\u00e7\u00e3o claramente n\u00e3o \u00e9 verdadeira. Isso porque o 5G pode impulsionar a automa\u00e7\u00e3o em algumas \u00e1reas.&nbsp;<\/p>\n\n\n\n<p>Ele tamb\u00e9m cria novas oportunidades de emprego em setores como desenvolvimento de aplicativos, manuten\u00e7\u00e3o de redes e suporte t\u00e9cnico.&nbsp;<\/p>\n\n\n\n<p>Al\u00e9m disso, a automa\u00e7\u00e3o n\u00e3o \u00e9 necessariamente uma amea\u00e7a ao emprego, mas sim uma oportunidade para que os trabalhadores se concentrem em tarefas de maior valor agregado e criatividade.<\/p>\n\n\n\n<p>Gostou do conte\u00fado e quer passar apenas a verdade para seus amigos e familiares? <a href=\"https:\/\/api.whatsapp.com\/send?phone=558599999999&amp;text=Descubra%209%20mitos%20sobre%20o%205G%20que%20j%C3%A1%20foram%20esclarecidos:%20https:\/\/bit.ly\/3yu6YHw\" target=\"_blank\" rel=\"noreferrer noopener\">Compartilhe este post no WhatsApp.<\/a><\/p>\n","protected":false},"excerpt":{"rendered":"<p>A internet nos proporciona v\u00e1rias informa\u00e7\u00f5es \u00fateis para as nossas vidas. No entanto, ainda h\u00e1 muita propaga\u00e7\u00e3o de desinforma\u00e7\u00e3o que as pessoas acreditam como verdade. Uma dessas inverdades \u00e9 em rela\u00e7\u00e3o ao 5G ou quinta gera\u00e7\u00e3o de redes m\u00f3veis. Desde sua cria\u00e7\u00e3o, a tecnologia sofreu v\u00e1rias acusa\u00e7\u00f5es que j\u00e1 se provaram ser mito ou simplesmente [&hellip;]<\/p>\n","protected":false},"author":3,"featured_media":690,"comment_status":"open","ping_status":"open","sticky":false,"template":"","format":"standard","meta":{"om_disable_all_campaigns":false,"footnotes":""},"categories":[37,22,34],"tags":[],"class_list":["post-686","post","type-post","status-publish","format-standard","has-post-thumbnail","hentry","category-5g","category-para-voce","category-telefonia-movel"],"yoast_head":"<!-- This site is optimized with the Yoast SEO plugin v24.5 - https:\/\/yoast.com\/wordpress\/plugins\/seo\/ -->\n<title>Mitos do 5G: conhe\u00e7a 9 que j\u00e1 foram esclarecidos - Blog Brisanet<\/title>\n<meta name=\"description\" content=\"J\u00e1 escutou mitos do 5G? Saiba 9 que j\u00e1 foram esclarecidos para n\u00e3o cair mais fake news de uma vez por todas.\" \/>\n<meta name=\"robots\" content=\"index, follow, max-snippet:-1, max-image-preview:large, max-video-preview:-1\" \/>\n<link rel=\"canonical\" href=\"https:\/\/www.brisanet.com.br\/blog\/9-mitos-do-5g-que-ja-foram-esclarecidos\/\" \/>\n<meta property=\"og:locale\" content=\"pt_BR\" \/>\n<meta property=\"og:type\" content=\"article\" \/>\n<meta property=\"og:title\" content=\"Mitos do 5G: conhe\u00e7a 9 que j\u00e1 foram esclarecidos - Blog Brisanet\" \/>\n<meta property=\"og:description\" content=\"J\u00e1 escutou mitos do 5G? Saiba 9 que j\u00e1 foram esclarecidos para n\u00e3o cair mais fake news de uma vez por todas.\" \/>\n<meta property=\"og:url\" content=\"https:\/\/www.brisanet.com.br\/blog\/9-mitos-do-5g-que-ja-foram-esclarecidos\/\" \/>\n<meta property=\"og:site_name\" content=\"Blog Brisanet\" \/>\n<meta property=\"article:publisher\" content=\"https:\/\/www.facebook.com\/brisanet\/\" \/>\n<meta property=\"article:published_time\" content=\"2024-05-23T12:18:24+00:00\" \/>\n<meta property=\"article:modified_time\" content=\"2025-03-31T18:34:17+00:00\" \/>\n<meta property=\"og:image\" content=\"https:\/\/www.brisanet.com.br\/blog\/wp-content\/uploads\/2024\/05\/mitos-sobre-o-5G-2.jpg\" \/>\n\t<meta property=\"og:image:width\" content=\"9504\" \/>\n\t<meta property=\"og:image:height\" content=\"6336\" \/>\n\t<meta property=\"og:image:type\" content=\"image\/jpeg\" \/>\n<meta name=\"author\" content=\"\u00cdtalo Alves\" \/>\n<meta name=\"twitter:card\" content=\"summary_large_image\" \/>\n<meta name=\"twitter:label1\" content=\"Escrito por\" \/>\n\t<meta name=\"twitter:data1\" content=\"\u00cdtalo Alves\" \/>\n\t<meta name=\"twitter:label2\" content=\"Est. tempo de leitura\" \/>\n\t<meta name=\"twitter:data2\" content=\"5 minutos\" \/>\n<script type=\"application\/ld+json\" class=\"yoast-schema-graph\">{\"@context\":\"https:\/\/schema.org\",\"@graph\":[{\"@type\":\"Article\",\"@id\":\"https:\/\/www.brisanet.com.br\/blog\/9-mitos-do-5g-que-ja-foram-esclarecidos\/#article\",\"isPartOf\":{\"@id\":\"https:\/\/www.brisanet.com.br\/blog\/9-mitos-do-5g-que-ja-foram-esclarecidos\/\"},\"author\":{\"name\":\"\u00cdtalo Alves\",\"@id\":\"https:\/\/www.brisanet.com.br\/blog\/#\/schema\/person\/6afefce424f53e0563479e83a8cf8d99\"},\"headline\":\"9 mitos do 5G que j\u00e1 foram esclarecidos\",\"datePublished\":\"2024-05-23T12:18:24+00:00\",\"dateModified\":\"2025-03-31T18:34:17+00:00\",\"mainEntityOfPage\":{\"@id\":\"https:\/\/www.brisanet.com.br\/blog\/9-mitos-do-5g-que-ja-foram-esclarecidos\/\"},\"wordCount\":976,\"commentCount\":0,\"publisher\":{\"@id\":\"https:\/\/www.brisanet.com.br\/blog\/#organization\"},\"image\":{\"@id\":\"https:\/\/www.brisanet.com.br\/blog\/9-mitos-do-5g-que-ja-foram-esclarecidos\/#primaryimage\"},\"thumbnailUrl\":\"https:\/\/www.brisanet.com.br\/blog\/wp-content\/uploads\/2024\/05\/mitos-sobre-o-5G-2.jpg\",\"articleSection\":[\"5G\",\"Para voc\u00ea\",\"Telefonia m\u00f3vel\"],\"inLanguage\":\"pt-BR\",\"potentialAction\":[{\"@type\":\"CommentAction\",\"name\":\"Comment\",\"target\":[\"https:\/\/www.brisanet.com.br\/blog\/9-mitos-do-5g-que-ja-foram-esclarecidos\/#respond\"]}]},{\"@type\":\"WebPage\",\"@id\":\"https:\/\/www.brisanet.com.br\/blog\/9-mitos-do-5g-que-ja-foram-esclarecidos\/\",\"url\":\"https:\/\/www.brisanet.com.br\/blog\/9-mitos-do-5g-que-ja-foram-esclarecidos\/\",\"name\":\"Mitos do 5G: conhe\u00e7a 9 que j\u00e1 foram esclarecidos - Blog Brisanet\",\"isPartOf\":{\"@id\":\"https:\/\/www.brisanet.com.br\/blog\/#website\"},\"primaryImageOfPage\":{\"@id\":\"https:\/\/www.brisanet.com.br\/blog\/9-mitos-do-5g-que-ja-foram-esclarecidos\/#primaryimage\"},\"image\":{\"@id\":\"https:\/\/www.brisanet.com.br\/blog\/9-mitos-do-5g-que-ja-foram-esclarecidos\/#primaryimage\"},\"thumbnailUrl\":\"https:\/\/www.brisanet.com.br\/blog\/wp-content\/uploads\/2024\/05\/mitos-sobre-o-5G-2.jpg\",\"datePublished\":\"2024-05-23T12:18:24+00:00\",\"dateModified\":\"2025-03-31T18:34:17+00:00\",\"description\":\"J\u00e1 escutou mitos do 5G? Saiba 9 que j\u00e1 foram esclarecidos para n\u00e3o cair mais fake news de uma vez por todas.\",\"breadcrumb\":{\"@id\":\"https:\/\/www.brisanet.com.br\/blog\/9-mitos-do-5g-que-ja-foram-esclarecidos\/#breadcrumb\"},\"inLanguage\":\"pt-BR\",\"potentialAction\":[{\"@type\":\"ReadAction\",\"target\":[\"https:\/\/www.brisanet.com.br\/blog\/9-mitos-do-5g-que-ja-foram-esclarecidos\/\"]}]},{\"@type\":\"ImageObject\",\"inLanguage\":\"pt-BR\",\"@id\":\"https:\/\/www.brisanet.com.br\/blog\/9-mitos-do-5g-que-ja-foram-esclarecidos\/#primaryimage\",\"url\":\"https:\/\/www.brisanet.com.br\/blog\/wp-content\/uploads\/2024\/05\/mitos-sobre-o-5G-2.jpg\",\"contentUrl\":\"https:\/\/www.brisanet.com.br\/blog\/wp-content\/uploads\/2024\/05\/mitos-sobre-o-5G-2.jpg\",\"width\":9504,\"height\":6336,\"caption\":\"mitos do 5G\"},{\"@type\":\"BreadcrumbList\",\"@id\":\"https:\/\/www.brisanet.com.br\/blog\/9-mitos-do-5g-que-ja-foram-esclarecidos\/#breadcrumb\",\"itemListElement\":[{\"@type\":\"ListItem\",\"position\":1,\"name\":\"In\u00edcio\",\"item\":\"https:\/\/www.brisanet.com.br\/blog\/\"},{\"@type\":\"ListItem\",\"position\":2,\"name\":\"9 mitos do 5G que j\u00e1 foram esclarecidos\"}]},{\"@type\":\"WebSite\",\"@id\":\"https:\/\/www.brisanet.com.br\/blog\/#website\",\"url\":\"https:\/\/www.brisanet.com.br\/blog\/\",\"name\":\"Blog da Brisanet\",\"description\":\"Levando o mundo at\u00e9 voc\u00ea\",\"publisher\":{\"@id\":\"https:\/\/www.brisanet.com.br\/blog\/#organization\"},\"potentialAction\":[{\"@type\":\"SearchAction\",\"target\":{\"@type\":\"EntryPoint\",\"urlTemplate\":\"https:\/\/www.brisanet.com.br\/blog\/?s={search_term_string}\"},\"query-input\":{\"@type\":\"PropertyValueSpecification\",\"valueRequired\":true,\"valueName\":\"search_term_string\"}}],\"inLanguage\":\"pt-BR\"},{\"@type\":\"Organization\",\"@id\":\"https:\/\/www.brisanet.com.br\/blog\/#organization\",\"name\":\"Brisanet\",\"url\":\"https:\/\/www.brisanet.com.br\/blog\/\",\"logo\":{\"@type\":\"ImageObject\",\"inLanguage\":\"pt-BR\",\"@id\":\"https:\/\/www.brisanet.com.br\/blog\/#\/schema\/logo\/image\/\",\"url\":\"https:\/\/www.brisanet.com.br\/blog\/wp-content\/uploads\/2023\/11\/logo-blog-brisanet-1.png\",\"contentUrl\":\"https:\/\/www.brisanet.com.br\/blog\/wp-content\/uploads\/2023\/11\/logo-blog-brisanet-1.png\",\"width\":163,\"height\":42,\"caption\":\"Brisanet\"},\"image\":{\"@id\":\"https:\/\/www.brisanet.com.br\/blog\/#\/schema\/logo\/image\/\"},\"sameAs\":[\"https:\/\/www.facebook.com\/brisanet\/\"]},{\"@type\":\"Person\",\"@id\":\"https:\/\/www.brisanet.com.br\/blog\/#\/schema\/person\/6afefce424f53e0563479e83a8cf8d99\",\"name\":\"\u00cdtalo Alves\",\"image\":{\"@type\":\"ImageObject\",\"inLanguage\":\"pt-BR\",\"@id\":\"https:\/\/www.brisanet.com.br\/blog\/#\/schema\/person\/image\/\",\"url\":\"https:\/\/secure.gravatar.com\/avatar\/aaab6ff774fc31943d55b8abc96bf2cea77d29b11d0e1d69a197257df18fff30?s=96&d=mm&r=g\",\"contentUrl\":\"https:\/\/secure.gravatar.com\/avatar\/aaab6ff774fc31943d55b8abc96bf2cea77d29b11d0e1d69a197257df18fff30?s=96&d=mm&r=g\",\"caption\":\"\u00cdtalo Alves\"},\"url\":\"https:\/\/www.brisanet.com.br\/blog\/author\/italo-alves\/\"}]}<\/script>\n<!-- \/ Yoast SEO plugin. -->","yoast_head_json":{"title":"Mitos do 5G: conhe\u00e7a 9 que j\u00e1 foram esclarecidos - Blog Brisanet","description":"J\u00e1 escutou mitos do 5G? Saiba 9 que j\u00e1 foram esclarecidos para n\u00e3o cair mais fake news de uma vez por todas.","robots":{"index":"index","follow":"follow","max-snippet":"max-snippet:-1","max-image-preview":"max-image-preview:large","max-video-preview":"max-video-preview:-1"},"canonical":"https:\/\/www.brisanet.com.br\/blog\/9-mitos-do-5g-que-ja-foram-esclarecidos\/","og_locale":"pt_BR","og_type":"article","og_title":"Mitos do 5G: conhe\u00e7a 9 que j\u00e1 foram esclarecidos - Blog Brisanet","og_description":"J\u00e1 escutou mitos do 5G? Saiba 9 que j\u00e1 foram esclarecidos para n\u00e3o cair mais fake news de uma vez por todas.","og_url":"https:\/\/www.brisanet.com.br\/blog\/9-mitos-do-5g-que-ja-foram-esclarecidos\/","og_site_name":"Blog Brisanet","article_publisher":"https:\/\/www.facebook.com\/brisanet\/","article_published_time":"2024-05-23T12:18:24+00:00","article_modified_time":"2025-03-31T18:34:17+00:00","og_image":[{"width":9504,"height":6336,"url":"https:\/\/www.brisanet.com.br\/blog\/wp-content\/uploads\/2024\/05\/mitos-sobre-o-5G-2.jpg","type":"image\/jpeg"}],"author":"\u00cdtalo Alves","twitter_card":"summary_large_image","twitter_misc":{"Escrito por":"\u00cdtalo Alves","Est. tempo de leitura":"5 minutos"},"schema":{"@context":"https:\/\/schema.org","@graph":[{"@type":"Article","@id":"https:\/\/www.brisanet.com.br\/blog\/9-mitos-do-5g-que-ja-foram-esclarecidos\/#article","isPartOf":{"@id":"https:\/\/www.brisanet.com.br\/blog\/9-mitos-do-5g-que-ja-foram-esclarecidos\/"},"author":{"name":"\u00cdtalo Alves","@id":"https:\/\/www.brisanet.com.br\/blog\/#\/schema\/person\/6afefce424f53e0563479e83a8cf8d99"},"headline":"9 mitos do 5G que j\u00e1 foram esclarecidos","datePublished":"2024-05-23T12:18:24+00:00","dateModified":"2025-03-31T18:34:17+00:00","mainEntityOfPage":{"@id":"https:\/\/www.brisanet.com.br\/blog\/9-mitos-do-5g-que-ja-foram-esclarecidos\/"},"wordCount":976,"commentCount":0,"publisher":{"@id":"https:\/\/www.brisanet.com.br\/blog\/#organization"},"image":{"@id":"https:\/\/www.brisanet.com.br\/blog\/9-mitos-do-5g-que-ja-foram-esclarecidos\/#primaryimage"},"thumbnailUrl":"https:\/\/www.brisanet.com.br\/blog\/wp-content\/uploads\/2024\/05\/mitos-sobre-o-5G-2.jpg","articleSection":["5G","Para voc\u00ea","Telefonia m\u00f3vel"],"inLanguage":"pt-BR","potentialAction":[{"@type":"CommentAction","name":"Comment","target":["https:\/\/www.brisanet.com.br\/blog\/9-mitos-do-5g-que-ja-foram-esclarecidos\/#respond"]}]},{"@type":"WebPage","@id":"https:\/\/www.brisanet.com.br\/blog\/9-mitos-do-5g-que-ja-foram-esclarecidos\/","url":"https:\/\/www.brisanet.com.br\/blog\/9-mitos-do-5g-que-ja-foram-esclarecidos\/","name":"Mitos do 5G: conhe\u00e7a 9 que j\u00e1 foram esclarecidos - Blog Brisanet","isPartOf":{"@id":"https:\/\/www.brisanet.com.br\/blog\/#website"},"primaryImageOfPage":{"@id":"https:\/\/www.brisanet.com.br\/blog\/9-mitos-do-5g-que-ja-foram-esclarecidos\/#primaryimage"},"image":{"@id":"https:\/\/www.brisanet.com.br\/blog\/9-mitos-do-5g-que-ja-foram-esclarecidos\/#primaryimage"},"thumbnailUrl":"https:\/\/www.brisanet.com.br\/blog\/wp-content\/uploads\/2024\/05\/mitos-sobre-o-5G-2.jpg","datePublished":"2024-05-23T12:18:24+00:00","dateModified":"2025-03-31T18:34:17+00:00","description":"J\u00e1 escutou mitos do 5G? Saiba 9 que j\u00e1 foram esclarecidos para n\u00e3o cair mais fake news de uma vez por todas.","breadcrumb":{"@id":"https:\/\/www.brisanet.com.br\/blog\/9-mitos-do-5g-que-ja-foram-esclarecidos\/#breadcrumb"},"inLanguage":"pt-BR","potentialAction":[{"@type":"ReadAction","target":["https:\/\/www.brisanet.com.br\/blog\/9-mitos-do-5g-que-ja-foram-esclarecidos\/"]}]},{"@type":"ImageObject","inLanguage":"pt-BR","@id":"https:\/\/www.brisanet.com.br\/blog\/9-mitos-do-5g-que-ja-foram-esclarecidos\/#primaryimage","url":"https:\/\/www.brisanet.com.br\/blog\/wp-content\/uploads\/2024\/05\/mitos-sobre-o-5G-2.jpg","contentUrl":"https:\/\/www.brisanet.com.br\/blog\/wp-content\/uploads\/2024\/05\/mitos-sobre-o-5G-2.jpg","width":9504,"height":6336,"caption":"mitos do 5G"},{"@type":"BreadcrumbList","@id":"https:\/\/www.brisanet.com.br\/blog\/9-mitos-do-5g-que-ja-foram-esclarecidos\/#breadcrumb","itemListElement":[{"@type":"ListItem","position":1,"name":"In\u00edcio","item":"https:\/\/www.brisanet.com.br\/blog\/"},{"@type":"ListItem","position":2,"name":"9 mitos do 5G que j\u00e1 foram esclarecidos"}]},{"@type":"WebSite","@id":"https:\/\/www.brisanet.com.br\/blog\/#website","url":"https:\/\/www.brisanet.com.br\/blog\/","name":"Blog da Brisanet","description":"Levando o mundo at\u00e9 voc\u00ea","publisher":{"@id":"https:\/\/www.brisanet.com.br\/blog\/#organization"},"potentialAction":[{"@type":"SearchAction","target":{"@type":"EntryPoint","urlTemplate":"https:\/\/www.brisanet.com.br\/blog\/?s={search_term_string}"},"query-input":{"@type":"PropertyValueSpecification","valueRequired":true,"valueName":"search_term_string"}}],"inLanguage":"pt-BR"},{"@type":"Organization","@id":"https:\/\/www.brisanet.com.br\/blog\/#organization","name":"Brisanet","url":"https:\/\/www.brisanet.com.br\/blog\/","logo":{"@type":"ImageObject","inLanguage":"pt-BR","@id":"https:\/\/www.brisanet.com.br\/blog\/#\/schema\/logo\/image\/","url":"https:\/\/www.brisanet.com.br\/blog\/wp-content\/uploads\/2023\/11\/logo-blog-brisanet-1.png","contentUrl":"https:\/\/www.brisanet.com.br\/blog\/wp-content\/uploads\/2023\/11\/logo-blog-brisanet-1.png","width":163,"height":42,"caption":"Brisanet"},"image":{"@id":"https:\/\/www.brisanet.com.br\/blog\/#\/schema\/logo\/image\/"},"sameAs":["https:\/\/www.facebook.com\/brisanet\/"]},{"@type":"Person","@id":"https:\/\/www.brisanet.com.br\/blog\/#\/schema\/person\/6afefce424f53e0563479e83a8cf8d99","name":"\u00cdtalo Alves","image":{"@type":"ImageObject","inLanguage":"pt-BR","@id":"https:\/\/www.brisanet.com.br\/blog\/#\/schema\/person\/image\/","url":"https:\/\/secure.gravatar.com\/avatar\/aaab6ff774fc31943d55b8abc96bf2cea77d29b11d0e1d69a197257df18fff30?s=96&d=mm&r=g","contentUrl":"https:\/\/secure.gravatar.com\/avatar\/aaab6ff774fc31943d55b8abc96bf2cea77d29b11d0e1d69a197257df18fff30?s=96&d=mm&r=g","caption":"\u00cdtalo Alves"},"url":"https:\/\/www.brisanet.com.br\/blog\/author\/italo-alves\/"}]}},"_links":{"self":[{"href":"https:\/\/www.brisanet.com.br\/blog\/wp-json\/wp\/v2\/posts\/686","targetHints":{"allow":["GET"]}}],"collection":[{"href":"https:\/\/www.brisanet.com.br\/blog\/wp-json\/wp\/v2\/posts"}],"about":[{"href":"https:\/\/www.brisanet.com.br\/blog\/wp-json\/wp\/v2\/types\/post"}],"author":[{"embeddable":true,"href":"https:\/\/www.brisanet.com.br\/blog\/wp-json\/wp\/v2\/users\/3"}],"replies":[{"embeddable":true,"href":"https:\/\/www.brisanet.com.br\/blog\/wp-json\/wp\/v2\/comments?post=686"}],"version-history":[{"count":1,"href":"https:\/\/www.brisanet.com.br\/blog\/wp-json\/wp\/v2\/posts\/686\/revisions"}],"predecessor-version":[{"id":1259,"href":"https:\/\/www.brisanet.com.br\/blog\/wp-json\/wp\/v2\/posts\/686\/revisions\/1259"}],"wp:featuredmedia":[{"embeddable":true,"href":"https:\/\/www.brisanet.com.br\/blog\/wp-json\/wp\/v2\/media\/690"}],"wp:attachment":[{"href":"https:\/\/www.brisanet.com.br\/blog\/wp-json\/wp\/v2\/media?parent=686"}],"wp:term":[{"taxonomy":"category","embeddable":true,"href":"https:\/\/www.brisanet.com.br\/blog\/wp-json\/wp\/v2\/categories?post=686"},{"taxonomy":"post_tag","embeddable":true,"href":"https:\/\/www.brisanet.com.br\/blog\/wp-json\/wp\/v2\/tags?post=686"}],"curies":[{"name":"wp","href":"https:\/\/api.w.org\/{rel}","templated":true}]}}